{"id":5113,"date":"2021-01-08T13:30:00","date_gmt":"2021-01-08T12:30:00","guid":{"rendered":"https:\/\/www.velfor.com\/die-velfor-gruppe-nimmt-an-der-cfia-2021-teil\/"},"modified":"2025-05-27T13:56:46","modified_gmt":"2025-05-27T11:56:46","slug":"die-velfor-gruppe-nimmt-an-der-cfia-2021-teil","status":"publish","type":"post","link":"https:\/\/www.velfor.com\/de\/die-velfor-gruppe-nimmt-an-der-cfia-2021-teil\/","title":{"rendered":"Die Velfor-Gruppe nimmt an der CFIA 2021 teil"},"content":{"rendered":"&#13;\n<p>Die Velfor-Gruppe nimmt an der Messe <a href=\"https:\/\/www.cfiaexpo.com\/\">CFIA 2021 in Rennes<\/a> teil (Stand B41 &#8211; Halle 9). Die Messe findet am 9., 10. und 11. Juni statt. Diese Messe ist der j\u00e4hrliche Treffpunkt f\u00fcr Fachleute aus der Lebensmittelbranche.   <\/p>&#13;\n&#13;\n<p>Nachdem die Veranstaltung 2020 verschoben wurde, konzentriert sich die CFIA 2021 auf die neuen Trends im Lebensmittelmarkt, insbesondere auf neue Materialien.<\/p>&#13;\n&#13;\n<p>In diesem Zusammenhang werden wir Ihnen unsere neuesten innovativen L\u00f6sungen vorstellen, insbesondere unser <a href=\"http:\/\/www.velfor.com\/fr\/agroalimentaire\/gamme-standard\/\" target=\"_blank\" rel=\"noreferrer noopener\">neues Sortiment an Milchprodukten<\/a>. Diese Produktreihe ist als 50% Post-Consumer-Version erh\u00e4ltlich, d.h. das Material stammt zu mindestens 50% aus dem Recycling von Verbrauchern. <\/p>&#13;\n&#13;\n<div class=\"wp-block-image is-style-default\">&#13;\n<figure class=\"aligncenter size-large\"><img decoding=\"async\" class=\"wp-image-1260\" src=\"http:\/\/www.velfor.com\/wp-content\/uploads\/2021\/04\/Gamme-standard-produits-laitiers.jpg\" alt=\"\"\/><\/figure>&#13;\n<\/div>&#13;\n&#13;\n<p>Wir entwickeln eine Politik des Recyclings und der nachhaltigen Entwicklung, indem wir mit kurzen Wegen und lokalen Lieferanten zusammenarbeiten, um optimierte und \u00f6kologisch gestaltete Verpackungen anzubieten. Die Verleihung des <a href=\"http:\/\/www.velfor.com\/fr\/le-groupe\/nos-engagements\/\" target=\"_blank\" rel=\"noreferrer noopener\">MORE-Labels<\/a> unterstreicht unseren Willen, diesen Ansatz zu verfolgen. <\/p>&#13;\n&#13;\n<p>Auf dem Stand ist auch ein Treffpunkt vorgesehen. Wir werden Sie also unter optimalen Bedingungen und unter Einhaltung der geltenden Gesundheitsnormen empfangen k\u00f6nnen. <a href=\"http:\/\/www.velfor.com\/fr\/contacts\/\" target=\"_blank\" rel=\"noreferrer noopener\">Vereinbaren Sie jetzt einen Termin<\/a> und besuchen Sie uns auf unserem Stand B45 (Halle 9)! <\/p>&#13;\n&#13;\n<p>Um mehr \u00fcber unsere L\u00f6sungen f\u00fcr den Lebensmittelmarkt zu erfahren, laden Sie <a href=\"http:\/\/www.velfor.com\/wp-content\/uploads\/2022\/04\/PLAQUETTE-AGROALIMENTAIRE-2023-avec-compression.pdf\" target=\"_blank\" rel=\"noreferrer noopener\">unsere Brosch\u00fcre f\u00fcr die Lebensmittelindustrie<\/a> herunter oder <a href=\"http:\/\/www.velfor.com\/fr\/contacts\/\" target=\"_blank\" rel=\"noreferrer noopener\">kontaktieren Sie uns<\/a>.<\/p>&#13;\n","protected":false},"excerpt":{"rendered":"<p>&#13; Die Velfor-Gruppe nimmt an der Messe CFIA 2021 in Rennes teil (Stand B41 &#8211; Halle 9). Die Messe findet am 9., 10. und 11. Juni statt. Diese Messe ist der j\u00e4hrliche Treffpunkt f\u00fcr Fachleute aus der Lebensmittelbranche. &#13; &#13; Nachdem die Veranstaltung 2020 verschoben wurde, konzentriert sich die CFIA 2021 auf die neuen Trends [&hellip;]<\/p>\n","protected":false},"author":1,"featured_media":4984,"comment_status":"open","ping_status":"open","sticky":false,"template":"","format":"standard","meta":{"_acf_changed":false,"footnotes":""},"categories":[37],"tags":[],"class_list":["post-5113","post","type-post","status-publish","format-standard","has-post-thumbnail","hentry","category-ereignis"],"acf":[],"yoast_head":"<!-- This site is optimized with the Yoast SEO Premium plugin v25.2 (Yoast SEO v25.2) - https:\/\/yoast.com\/wordpress\/plugins\/seo\/ -->\n<title>Die Velfor-Gruppe nimmt an der CFIA 2021 teil - Velfor<\/title>\n<meta name=\"robots\" content=\"index, follow, max-snippet:-1, max-image-preview:large, max-video-preview:-1\" \/>\n<link rel=\"canonical\" href=\"https:\/\/www.velfor.com\/de\/die-velfor-gruppe-nimmt-an-der-cfia-2021-teil\/\" \/>\n<meta property=\"og:locale\" content=\"de_DE\" \/>\n<meta property=\"og:type\" content=\"article\" \/>\n<meta property=\"og:title\" content=\"Die Velfor-Gruppe nimmt an der CFIA 2021 teil\" \/>\n<meta property=\"og:description\" content=\"&#013; Die Velfor-Gruppe nimmt an der Messe CFIA 2021 in Rennes teil (Stand B41 &#8211; Halle 9). Die Messe findet am 9., 10. und 11. Juni statt. Diese Messe ist der j\u00e4hrliche Treffpunkt f\u00fcr Fachleute aus der Lebensmittelbranche. &#013; &#013; Nachdem die Veranstaltung 2020 verschoben wurde, konzentriert sich die CFIA 2021 auf die neuen Trends [&hellip;]\" \/>\n<meta property=\"og:url\" content=\"https:\/\/www.velfor.com\/de\/die-velfor-gruppe-nimmt-an-der-cfia-2021-teil\/\" \/>\n<meta property=\"og:site_name\" content=\"Velfor\" \/>\n<meta property=\"article:published_time\" content=\"2021-01-08T12:30:00+00:00\" \/>\n<meta property=\"article:modified_time\" content=\"2025-05-27T11:56:46+00:00\" \/>\n<meta property=\"og:image\" content=\"https:\/\/www.velfor.com\/wp-content\/uploads\/2021\/01\/IMG_20230315_120055-scaled.jpg\" \/>\n\t<meta property=\"og:image:width\" content=\"2560\" \/>\n\t<meta property=\"og:image:height\" content=\"1920\" \/>\n\t<meta property=\"og:image:type\" content=\"image\/jpeg\" \/>\n<meta name=\"author\" content=\"admin\" \/>\n<meta name=\"twitter:card\" content=\"summary_large_image\" \/>\n<meta name=\"twitter:label1\" content=\"Written by\" \/>\n\t<meta name=\"twitter:data1\" content=\"admin\" \/>\n\t<meta name=\"twitter:label2\" content=\"Est. reading time\" \/>\n\t<meta name=\"twitter:data2\" content=\"1\u00a0Minute\" \/>\n<script type=\"application\/ld+json\" class=\"yoast-schema-graph\">{\"@context\":\"https:\/\/schema.org\",\"@graph\":[{\"@type\":\"Article\",\"@id\":\"https:\/\/www.velfor.com\/de\/die-velfor-gruppe-nimmt-an-der-cfia-2021-teil\/#article\",\"isPartOf\":{\"@id\":\"https:\/\/www.velfor.com\/de\/die-velfor-gruppe-nimmt-an-der-cfia-2021-teil\/\"},\"author\":{\"name\":\"admin\",\"@id\":\"https:\/\/www.velfor.com\/de\/#\/schema\/person\/244d8af9b2354c701268aa65856d68be\"},\"headline\":\"Die Velfor-Gruppe nimmt an der CFIA 2021 teil\",\"datePublished\":\"2021-01-08T12:30:00+00:00\",\"dateModified\":\"2025-05-27T11:56:46+00:00\",\"mainEntityOfPage\":{\"@id\":\"https:\/\/www.velfor.com\/de\/die-velfor-gruppe-nimmt-an-der-cfia-2021-teil\/\"},\"wordCount\":198,\"commentCount\":0,\"publisher\":{\"@id\":\"https:\/\/www.velfor.com\/de\/#organization\"},\"image\":{\"@id\":\"https:\/\/www.velfor.com\/de\/die-velfor-gruppe-nimmt-an-der-cfia-2021-teil\/#primaryimage\"},\"thumbnailUrl\":\"https:\/\/www.velfor.com\/wp-content\/uploads\/2021\/01\/IMG_20230315_120055-scaled.jpg\",\"articleSection\":[\"Ereignis\"],\"inLanguage\":\"de\",\"potentialAction\":[{\"@type\":\"CommentAction\",\"name\":\"Comment\",\"target\":[\"https:\/\/www.velfor.com\/de\/die-velfor-gruppe-nimmt-an-der-cfia-2021-teil\/#respond\"]}]},{\"@type\":\"WebPage\",\"@id\":\"https:\/\/www.velfor.com\/de\/die-velfor-gruppe-nimmt-an-der-cfia-2021-teil\/\",\"url\":\"https:\/\/www.velfor.com\/de\/die-velfor-gruppe-nimmt-an-der-cfia-2021-teil\/\",\"name\":\"Die Velfor-Gruppe nimmt an der CFIA 2021 teil - Velfor\",\"isPartOf\":{\"@id\":\"https:\/\/www.velfor.com\/de\/#website\"},\"primaryImageOfPage\":{\"@id\":\"https:\/\/www.velfor.com\/de\/die-velfor-gruppe-nimmt-an-der-cfia-2021-teil\/#primaryimage\"},\"image\":{\"@id\":\"https:\/\/www.velfor.com\/de\/die-velfor-gruppe-nimmt-an-der-cfia-2021-teil\/#primaryimage\"},\"thumbnailUrl\":\"https:\/\/www.velfor.com\/wp-content\/uploads\/2021\/01\/IMG_20230315_120055-scaled.jpg\",\"datePublished\":\"2021-01-08T12:30:00+00:00\",\"dateModified\":\"2025-05-27T11:56:46+00:00\",\"breadcrumb\":{\"@id\":\"https:\/\/www.velfor.com\/de\/die-velfor-gruppe-nimmt-an-der-cfia-2021-teil\/#breadcrumb\"},\"inLanguage\":\"de\",\"potentialAction\":[{\"@type\":\"ReadAction\",\"target\":[\"https:\/\/www.velfor.com\/de\/die-velfor-gruppe-nimmt-an-der-cfia-2021-teil\/\"]}]},{\"@type\":\"ImageObject\",\"inLanguage\":\"de\",\"@id\":\"https:\/\/www.velfor.com\/de\/die-velfor-gruppe-nimmt-an-der-cfia-2021-teil\/#primaryimage\",\"url\":\"https:\/\/www.velfor.com\/wp-content\/uploads\/2021\/01\/IMG_20230315_120055-scaled.jpg\",\"contentUrl\":\"https:\/\/www.velfor.com\/wp-content\/uploads\/2021\/01\/IMG_20230315_120055-scaled.jpg\",\"width\":2560,\"height\":1920},{\"@type\":\"BreadcrumbList\",\"@id\":\"https:\/\/www.velfor.com\/de\/die-velfor-gruppe-nimmt-an-der-cfia-2021-teil\/#breadcrumb\",\"itemListElement\":[{\"@type\":\"ListItem\",\"position\":1,\"name\":\"Accueil\",\"item\":\"https:\/\/www.velfor.com\/de\/startseite\/\"},{\"@type\":\"ListItem\",\"position\":2,\"name\":\"Die Velfor-Gruppe nimmt an der CFIA 2021 teil\"}]},{\"@type\":\"WebSite\",\"@id\":\"https:\/\/www.velfor.com\/de\/#website\",\"url\":\"https:\/\/www.velfor.com\/de\/\",\"name\":\"Velfor\",\"description\":\"Le Groupe Velfor, votre partenaire privil\u00e9gi\u00e9 pour des solutions durables et innovantes\",\"publisher\":{\"@id\":\"https:\/\/www.velfor.com\/de\/#organization\"},\"potentialAction\":[{\"@type\":\"SearchAction\",\"target\":{\"@type\":\"EntryPoint\",\"urlTemplate\":\"https:\/\/www.velfor.com\/de\/?s={search_term_string}\"},\"query-input\":{\"@type\":\"PropertyValueSpecification\",\"valueRequired\":true,\"valueName\":\"search_term_string\"}}],\"inLanguage\":\"de\"},{\"@type\":\"Organization\",\"@id\":\"https:\/\/www.velfor.com\/de\/#organization\",\"name\":\"Velfor\",\"url\":\"https:\/\/www.velfor.com\/de\/\",\"logo\":{\"@type\":\"ImageObject\",\"inLanguage\":\"de\",\"@id\":\"https:\/\/www.velfor.com\/de\/#\/schema\/logo\/image\/\",\"url\":\"https:\/\/www.velfor.com\/wp-content\/uploads\/2024\/12\/velfor-logo.svg\",\"contentUrl\":\"https:\/\/www.velfor.com\/wp-content\/uploads\/2024\/12\/velfor-logo.svg\",\"width\":210,\"height\":44,\"caption\":\"Velfor\"},\"image\":{\"@id\":\"https:\/\/www.velfor.com\/de\/#\/schema\/logo\/image\/\"}},{\"@type\":\"Person\",\"@id\":\"https:\/\/www.velfor.com\/de\/#\/schema\/person\/244d8af9b2354c701268aa65856d68be\",\"name\":\"admin\",\"image\":{\"@type\":\"ImageObject\",\"inLanguage\":\"de\",\"@id\":\"https:\/\/www.velfor.com\/de\/#\/schema\/person\/image\/\",\"url\":\"https:\/\/secure.gravatar.com\/avatar\/b52efe74a6a713b4a3b98a7da206535d60b9d7410265cd338904e9dc7b709c00?s=96&d=mm&r=g\",\"contentUrl\":\"https:\/\/secure.gravatar.com\/avatar\/b52efe74a6a713b4a3b98a7da206535d60b9d7410265cd338904e9dc7b709c00?s=96&d=mm&r=g\",\"caption\":\"admin\"},\"sameAs\":[\"https:\/\/www.velfor.com\"],\"url\":\"https:\/\/www.velfor.com\/de\/author\/yoannekypia-fr\/\"}]}<\/script>\n<!-- \/ Yoast SEO Premium plugin. -->","yoast_head_json":{"title":"Die Velfor-Gruppe nimmt an der CFIA 2021 teil - Velfor","robots":{"index":"index","follow":"follow","max-snippet":"max-snippet:-1","max-image-preview":"max-image-preview:large","max-video-preview":"max-video-preview:-1"},"canonical":"https:\/\/www.velfor.com\/de\/die-velfor-gruppe-nimmt-an-der-cfia-2021-teil\/","og_locale":"de_DE","og_type":"article","og_title":"Die Velfor-Gruppe nimmt an der CFIA 2021 teil","og_description":"&#13; Die Velfor-Gruppe nimmt an der Messe CFIA 2021 in Rennes teil (Stand B41 &#8211; Halle 9). Die Messe findet am 9., 10. und 11. Juni statt. Diese Messe ist der j\u00e4hrliche Treffpunkt f\u00fcr Fachleute aus der Lebensmittelbranche. &#13; &#13; Nachdem die Veranstaltung 2020 verschoben wurde, konzentriert sich die CFIA 2021 auf die neuen Trends [&hellip;]","og_url":"https:\/\/www.velfor.com\/de\/die-velfor-gruppe-nimmt-an-der-cfia-2021-teil\/","og_site_name":"Velfor","article_published_time":"2021-01-08T12:30:00+00:00","article_modified_time":"2025-05-27T11:56:46+00:00","og_image":[{"width":2560,"height":1920,"url":"https:\/\/www.velfor.com\/wp-content\/uploads\/2021\/01\/IMG_20230315_120055-scaled.jpg","type":"image\/jpeg"}],"author":"admin","twitter_card":"summary_large_image","twitter_misc":{"Written by":"admin","Est. reading time":"1\u00a0Minute"},"schema":{"@context":"https:\/\/schema.org","@graph":[{"@type":"Article","@id":"https:\/\/www.velfor.com\/de\/die-velfor-gruppe-nimmt-an-der-cfia-2021-teil\/#article","isPartOf":{"@id":"https:\/\/www.velfor.com\/de\/die-velfor-gruppe-nimmt-an-der-cfia-2021-teil\/"},"author":{"name":"admin","@id":"https:\/\/www.velfor.com\/de\/#\/schema\/person\/244d8af9b2354c701268aa65856d68be"},"headline":"Die Velfor-Gruppe nimmt an der CFIA 2021 teil","datePublished":"2021-01-08T12:30:00+00:00","dateModified":"2025-05-27T11:56:46+00:00","mainEntityOfPage":{"@id":"https:\/\/www.velfor.com\/de\/die-velfor-gruppe-nimmt-an-der-cfia-2021-teil\/"},"wordCount":198,"commentCount":0,"publisher":{"@id":"https:\/\/www.velfor.com\/de\/#organization"},"image":{"@id":"https:\/\/www.velfor.com\/de\/die-velfor-gruppe-nimmt-an-der-cfia-2021-teil\/#primaryimage"},"thumbnailUrl":"https:\/\/www.velfor.com\/wp-content\/uploads\/2021\/01\/IMG_20230315_120055-scaled.jpg","articleSection":["Ereignis"],"inLanguage":"de","potentialAction":[{"@type":"CommentAction","name":"Comment","target":["https:\/\/www.velfor.com\/de\/die-velfor-gruppe-nimmt-an-der-cfia-2021-teil\/#respond"]}]},{"@type":"WebPage","@id":"https:\/\/www.velfor.com\/de\/die-velfor-gruppe-nimmt-an-der-cfia-2021-teil\/","url":"https:\/\/www.velfor.com\/de\/die-velfor-gruppe-nimmt-an-der-cfia-2021-teil\/","name":"Die Velfor-Gruppe nimmt an der CFIA 2021 teil - Velfor","isPartOf":{"@id":"https:\/\/www.velfor.com\/de\/#website"},"primaryImageOfPage":{"@id":"https:\/\/www.velfor.com\/de\/die-velfor-gruppe-nimmt-an-der-cfia-2021-teil\/#primaryimage"},"image":{"@id":"https:\/\/www.velfor.com\/de\/die-velfor-gruppe-nimmt-an-der-cfia-2021-teil\/#primaryimage"},"thumbnailUrl":"https:\/\/www.velfor.com\/wp-content\/uploads\/2021\/01\/IMG_20230315_120055-scaled.jpg","datePublished":"2021-01-08T12:30:00+00:00","dateModified":"2025-05-27T11:56:46+00:00","breadcrumb":{"@id":"https:\/\/www.velfor.com\/de\/die-velfor-gruppe-nimmt-an-der-cfia-2021-teil\/#breadcrumb"},"inLanguage":"de","potentialAction":[{"@type":"ReadAction","target":["https:\/\/www.velfor.com\/de\/die-velfor-gruppe-nimmt-an-der-cfia-2021-teil\/"]}]},{"@type":"ImageObject","inLanguage":"de","@id":"https:\/\/www.velfor.com\/de\/die-velfor-gruppe-nimmt-an-der-cfia-2021-teil\/#primaryimage","url":"https:\/\/www.velfor.com\/wp-content\/uploads\/2021\/01\/IMG_20230315_120055-scaled.jpg","contentUrl":"https:\/\/www.velfor.com\/wp-content\/uploads\/2021\/01\/IMG_20230315_120055-scaled.jpg","width":2560,"height":1920},{"@type":"BreadcrumbList","@id":"https:\/\/www.velfor.com\/de\/die-velfor-gruppe-nimmt-an-der-cfia-2021-teil\/#breadcrumb","itemListElement":[{"@type":"ListItem","position":1,"name":"Accueil","item":"https:\/\/www.velfor.com\/de\/startseite\/"},{"@type":"ListItem","position":2,"name":"Die Velfor-Gruppe nimmt an der CFIA 2021 teil"}]},{"@type":"WebSite","@id":"https:\/\/www.velfor.com\/de\/#website","url":"https:\/\/www.velfor.com\/de\/","name":"Velfor","description":"Le Groupe Velfor, votre partenaire privil\u00e9gi\u00e9 pour des solutions durables et innovantes","publisher":{"@id":"https:\/\/www.velfor.com\/de\/#organization"},"potentialAction":[{"@type":"SearchAction","target":{"@type":"EntryPoint","urlTemplate":"https:\/\/www.velfor.com\/de\/?s={search_term_string}"},"query-input":{"@type":"PropertyValueSpecification","valueRequired":true,"valueName":"search_term_string"}}],"inLanguage":"de"},{"@type":"Organization","@id":"https:\/\/www.velfor.com\/de\/#organization","name":"Velfor","url":"https:\/\/www.velfor.com\/de\/","logo":{"@type":"ImageObject","inLanguage":"de","@id":"https:\/\/www.velfor.com\/de\/#\/schema\/logo\/image\/","url":"https:\/\/www.velfor.com\/wp-content\/uploads\/2024\/12\/velfor-logo.svg","contentUrl":"https:\/\/www.velfor.com\/wp-content\/uploads\/2024\/12\/velfor-logo.svg","width":210,"height":44,"caption":"Velfor"},"image":{"@id":"https:\/\/www.velfor.com\/de\/#\/schema\/logo\/image\/"}},{"@type":"Person","@id":"https:\/\/www.velfor.com\/de\/#\/schema\/person\/244d8af9b2354c701268aa65856d68be","name":"admin","image":{"@type":"ImageObject","inLanguage":"de","@id":"https:\/\/www.velfor.com\/de\/#\/schema\/person\/image\/","url":"https:\/\/secure.gravatar.com\/avatar\/b52efe74a6a713b4a3b98a7da206535d60b9d7410265cd338904e9dc7b709c00?s=96&d=mm&r=g","contentUrl":"https:\/\/secure.gravatar.com\/avatar\/b52efe74a6a713b4a3b98a7da206535d60b9d7410265cd338904e9dc7b709c00?s=96&d=mm&r=g","caption":"admin"},"sameAs":["https:\/\/www.velfor.com"],"url":"https:\/\/www.velfor.com\/de\/author\/yoannekypia-fr\/"}]}},"_links":{"self":[{"href":"https:\/\/www.velfor.com\/de\/wp-json\/wp\/v2\/posts\/5113","targetHints":{"allow":["GET"]}}],"collection":[{"href":"https:\/\/www.velfor.com\/de\/wp-json\/wp\/v2\/posts"}],"about":[{"href":"https:\/\/www.velfor.com\/de\/wp-json\/wp\/v2\/types\/post"}],"author":[{"embeddable":true,"href":"https:\/\/www.velfor.com\/de\/wp-json\/wp\/v2\/users\/1"}],"replies":[{"embeddable":true,"href":"https:\/\/www.velfor.com\/de\/wp-json\/wp\/v2\/comments?post=5113"}],"version-history":[{"count":1,"href":"https:\/\/www.velfor.com\/de\/wp-json\/wp\/v2\/posts\/5113\/revisions"}],"predecessor-version":[{"id":5115,"href":"https:\/\/www.velfor.com\/de\/wp-json\/wp\/v2\/posts\/5113\/revisions\/5115"}],"wp:featuredmedia":[{"embeddable":true,"href":"https:\/\/www.velfor.com\/de\/wp-json\/wp\/v2\/media\/4984"}],"wp:attachment":[{"href":"https:\/\/www.velfor.com\/de\/wp-json\/wp\/v2\/media?parent=5113"}],"wp:term":[{"taxonomy":"category","embeddable":true,"href":"https:\/\/www.velfor.com\/de\/wp-json\/wp\/v2\/categories?post=5113"},{"taxonomy":"post_tag","embeddable":true,"href":"https:\/\/www.velfor.com\/de\/wp-json\/wp\/v2\/tags?post=5113"}],"curies":[{"name":"wp","href":"https:\/\/api.w.org\/{rel}","templated":true}]}}