{"id":5119,"date":"2020-08-31T07:34:02","date_gmt":"2020-08-31T05:34:02","guid":{"rendered":"https:\/\/www.velfor.com\/velfor-nimmt-an-medinov-2020-teil\/"},"modified":"2020-08-31T07:34:02","modified_gmt":"2020-08-31T05:34:02","slug":"velfor-nimmt-an-medinov-2020-teil","status":"publish","type":"post","link":"https:\/\/www.velfor.com\/de\/velfor-nimmt-an-medinov-2020-teil\/","title":{"rendered":"Velfor nimmt an Medi&#8217;nov 2020 teil"},"content":{"rendered":"<p class=\"text-build-content\" data-testid=\"Jl_Uio3RX\">Die Velfor-Gruppe nimmt an der Messe Medi&#8217;nov Connection vom 09. bis 10. September in Lyon teil. Wir sind an Stand Nr. 26 vertreten. <\/p>\n<p class=\"text-build-content\" data-testid=\"Jl_Uio3RX\">Wir werden Ihnen unsere verschiedenen T\u00e4tigkeitsbereiche und Dienstleistungen f\u00fcr den Gesundheitsmarkt vorstellen. Wir bieten Ihnen Reinraumproduktion, Verpackung von medizinischen Ger\u00e4ten, Thermoformen, Hochfrequenzschwei\u00dfen und stehen Ihnen f\u00fcr Gespr\u00e4che \u00fcber Ihre Bed\u00fcrfnisse zur Verf\u00fcgung. <\/p>\n<p class=\"text-build-content\" data-testid=\"Jl_Uio3RX\">Diese Medi&#8217;nov-Messe wird die Gelegenheit bieten, sowohl \u00fcber Ihre Herausforderungen von morgen als auch \u00fcber Ihre zuk\u00fcnftigen Projekte zu diskutieren, um Ihnen entsprechend Ihrem Lastenheft ma\u00dfgeschneiderte globale L\u00f6sungen in Verbindung mit Dienstleistungen unter Einhaltung des Rechtsrahmens anzubieten.<\/p>\n<p data-testid=\"Jl_Uio3RX\">Um mehr \u00fcber diese Messe zu erfahren oder sich anzumelden, <a href=\"https:\/\/www.medinov-connection.com\/\">klicken Sie bitte hier<\/a>.<\/p>\n<p data-testid=\"Jl_Uio3RX\"><a href=\"http:\/\/www.velfor.com\/fr\/sante\/gamme-standard\/\">Auf unseren speziellen Seiten<\/a> finden Sie auch alle unsere L\u00f6sungen f\u00fcr den Gesundheitsmarkt.<\/p>\n","protected":false},"excerpt":{"rendered":"<p>Die Velfor-Gruppe nimmt an der Messe Medi&#8217;nov Connection vom 09. bis 10. September in Lyon teil. Wir sind an Stand Nr. 26 vertreten. Wir werden Ihnen unsere verschiedenen T\u00e4tigkeitsbereiche und Dienstleistungen f\u00fcr den Gesundheitsmarkt vorstellen. Wir bieten Ihnen Reinraumproduktion, Verpackung von medizinischen Ger\u00e4ten, Thermoformen, Hochfrequenzschwei\u00dfen und stehen Ihnen f\u00fcr Gespr\u00e4che \u00fcber Ihre Bed\u00fcrfnisse zur Verf\u00fcgung. [&hellip;]<\/p>\n","protected":false},"author":1,"featured_media":4988,"comment_status":"open","ping_status":"open","sticky":false,"template":"","format":"standard","meta":{"_acf_changed":false,"footnotes":""},"categories":[37],"tags":[],"class_list":["post-5119","post","type-post","status-publish","format-standard","has-post-thumbnail","hentry","category-ereignis"],"acf":[],"yoast_head":"<!-- This site is optimized with the Yoast SEO Premium plugin v25.2 (Yoast SEO v25.2) - https:\/\/yoast.com\/wordpress\/plugins\/seo\/ -->\n<title>Velfor nimmt an Medi&#039;nov 2020 teil - Velfor<\/title>\n<meta name=\"robots\" content=\"index, follow, max-snippet:-1, max-image-preview:large, max-video-preview:-1\" \/>\n<link rel=\"canonical\" href=\"https:\/\/www.velfor.com\/de\/velfor-nimmt-an-medinov-2020-teil\/\" \/>\n<meta property=\"og:locale\" content=\"de_DE\" \/>\n<meta property=\"og:type\" content=\"article\" \/>\n<meta property=\"og:title\" content=\"Velfor nimmt an Medi&#039;nov 2020 teil\" \/>\n<meta property=\"og:description\" content=\"Die Velfor-Gruppe nimmt an der Messe Medi&#8217;nov Connection vom 09. bis 10. September in Lyon teil. Wir sind an Stand Nr. 26 vertreten. Wir werden Ihnen unsere verschiedenen T\u00e4tigkeitsbereiche und Dienstleistungen f\u00fcr den Gesundheitsmarkt vorstellen. Wir bieten Ihnen Reinraumproduktion, Verpackung von medizinischen Ger\u00e4ten, Thermoformen, Hochfrequenzschwei\u00dfen und stehen Ihnen f\u00fcr Gespr\u00e4che \u00fcber Ihre Bed\u00fcrfnisse zur Verf\u00fcgung. [&hellip;]\" \/>\n<meta property=\"og:url\" content=\"https:\/\/www.velfor.com\/de\/velfor-nimmt-an-medinov-2020-teil\/\" \/>\n<meta property=\"og:site_name\" content=\"Velfor\" \/>\n<meta property=\"article:published_time\" content=\"2020-08-31T05:34:02+00:00\" \/>\n<meta property=\"og:image\" content=\"https:\/\/www.velfor.com\/wp-content\/uploads\/2020\/08\/Photo-du-salon.jpg\" \/>\n\t<meta property=\"og:image:width\" content=\"1047\" \/>\n\t<meta property=\"og:image:height\" content=\"1041\" \/>\n\t<meta property=\"og:image:type\" content=\"image\/jpeg\" \/>\n<meta name=\"author\" content=\"admin\" \/>\n<meta name=\"twitter:card\" content=\"summary_large_image\" \/>\n<meta name=\"twitter:label1\" content=\"Written by\" \/>\n\t<meta name=\"twitter:data1\" content=\"admin\" \/>\n\t<meta name=\"twitter:label2\" content=\"Est. reading time\" \/>\n\t<meta name=\"twitter:data2\" content=\"1\u00a0Minute\" \/>\n<script type=\"application\/ld+json\" class=\"yoast-schema-graph\">{\"@context\":\"https:\/\/schema.org\",\"@graph\":[{\"@type\":\"Article\",\"@id\":\"https:\/\/www.velfor.com\/de\/velfor-nimmt-an-medinov-2020-teil\/#article\",\"isPartOf\":{\"@id\":\"https:\/\/www.velfor.com\/de\/velfor-nimmt-an-medinov-2020-teil\/\"},\"author\":{\"name\":\"admin\",\"@id\":\"https:\/\/www.velfor.com\/de\/#\/schema\/person\/244d8af9b2354c701268aa65856d68be\"},\"headline\":\"Velfor nimmt an Medi&#8217;nov 2020 teil\",\"datePublished\":\"2020-08-31T05:34:02+00:00\",\"mainEntityOfPage\":{\"@id\":\"https:\/\/www.velfor.com\/de\/velfor-nimmt-an-medinov-2020-teil\/\"},\"wordCount\":137,\"commentCount\":0,\"publisher\":{\"@id\":\"https:\/\/www.velfor.com\/de\/#organization\"},\"image\":{\"@id\":\"https:\/\/www.velfor.com\/de\/velfor-nimmt-an-medinov-2020-teil\/#primaryimage\"},\"thumbnailUrl\":\"https:\/\/www.velfor.com\/wp-content\/uploads\/2020\/08\/Photo-du-salon.jpg\",\"articleSection\":[\"Ereignis\"],\"inLanguage\":\"de\",\"potentialAction\":[{\"@type\":\"CommentAction\",\"name\":\"Comment\",\"target\":[\"https:\/\/www.velfor.com\/de\/velfor-nimmt-an-medinov-2020-teil\/#respond\"]}]},{\"@type\":\"WebPage\",\"@id\":\"https:\/\/www.velfor.com\/de\/velfor-nimmt-an-medinov-2020-teil\/\",\"url\":\"https:\/\/www.velfor.com\/de\/velfor-nimmt-an-medinov-2020-teil\/\",\"name\":\"Velfor nimmt an Medi'nov 2020 teil - Velfor\",\"isPartOf\":{\"@id\":\"https:\/\/www.velfor.com\/de\/#website\"},\"primaryImageOfPage\":{\"@id\":\"https:\/\/www.velfor.com\/de\/velfor-nimmt-an-medinov-2020-teil\/#primaryimage\"},\"image\":{\"@id\":\"https:\/\/www.velfor.com\/de\/velfor-nimmt-an-medinov-2020-teil\/#primaryimage\"},\"thumbnailUrl\":\"https:\/\/www.velfor.com\/wp-content\/uploads\/2020\/08\/Photo-du-salon.jpg\",\"datePublished\":\"2020-08-31T05:34:02+00:00\",\"breadcrumb\":{\"@id\":\"https:\/\/www.velfor.com\/de\/velfor-nimmt-an-medinov-2020-teil\/#breadcrumb\"},\"inLanguage\":\"de\",\"potentialAction\":[{\"@type\":\"ReadAction\",\"target\":[\"https:\/\/www.velfor.com\/de\/velfor-nimmt-an-medinov-2020-teil\/\"]}]},{\"@type\":\"ImageObject\",\"inLanguage\":\"de\",\"@id\":\"https:\/\/www.velfor.com\/de\/velfor-nimmt-an-medinov-2020-teil\/#primaryimage\",\"url\":\"https:\/\/www.velfor.com\/wp-content\/uploads\/2020\/08\/Photo-du-salon.jpg\",\"contentUrl\":\"https:\/\/www.velfor.com\/wp-content\/uploads\/2020\/08\/Photo-du-salon.jpg\",\"width\":1047,\"height\":1041,\"caption\":\"M\u00e9dinov 2023\"},{\"@type\":\"BreadcrumbList\",\"@id\":\"https:\/\/www.velfor.com\/de\/velfor-nimmt-an-medinov-2020-teil\/#breadcrumb\",\"itemListElement\":[{\"@type\":\"ListItem\",\"position\":1,\"name\":\"Accueil\",\"item\":\"https:\/\/www.velfor.com\/de\/startseite\/\"},{\"@type\":\"ListItem\",\"position\":2,\"name\":\"Velfor nimmt an Medi&rsquo;nov 2020 teil\"}]},{\"@type\":\"WebSite\",\"@id\":\"https:\/\/www.velfor.com\/de\/#website\",\"url\":\"https:\/\/www.velfor.com\/de\/\",\"name\":\"Velfor\",\"description\":\"Le Groupe Velfor, votre partenaire privil\u00e9gi\u00e9 pour des solutions durables et innovantes\",\"publisher\":{\"@id\":\"https:\/\/www.velfor.com\/de\/#organization\"},\"potentialAction\":[{\"@type\":\"SearchAction\",\"target\":{\"@type\":\"EntryPoint\",\"urlTemplate\":\"https:\/\/www.velfor.com\/de\/?s={search_term_string}\"},\"query-input\":{\"@type\":\"PropertyValueSpecification\",\"valueRequired\":true,\"valueName\":\"search_term_string\"}}],\"inLanguage\":\"de\"},{\"@type\":\"Organization\",\"@id\":\"https:\/\/www.velfor.com\/de\/#organization\",\"name\":\"Velfor\",\"url\":\"https:\/\/www.velfor.com\/de\/\",\"logo\":{\"@type\":\"ImageObject\",\"inLanguage\":\"de\",\"@id\":\"https:\/\/www.velfor.com\/de\/#\/schema\/logo\/image\/\",\"url\":\"https:\/\/www.velfor.com\/wp-content\/uploads\/2024\/12\/velfor-logo.svg\",\"contentUrl\":\"https:\/\/www.velfor.com\/wp-content\/uploads\/2024\/12\/velfor-logo.svg\",\"width\":210,\"height\":44,\"caption\":\"Velfor\"},\"image\":{\"@id\":\"https:\/\/www.velfor.com\/de\/#\/schema\/logo\/image\/\"}},{\"@type\":\"Person\",\"@id\":\"https:\/\/www.velfor.com\/de\/#\/schema\/person\/244d8af9b2354c701268aa65856d68be\",\"name\":\"admin\",\"image\":{\"@type\":\"ImageObject\",\"inLanguage\":\"de\",\"@id\":\"https:\/\/www.velfor.com\/de\/#\/schema\/person\/image\/\",\"url\":\"https:\/\/secure.gravatar.com\/avatar\/b52efe74a6a713b4a3b98a7da206535d60b9d7410265cd338904e9dc7b709c00?s=96&d=mm&r=g\",\"contentUrl\":\"https:\/\/secure.gravatar.com\/avatar\/b52efe74a6a713b4a3b98a7da206535d60b9d7410265cd338904e9dc7b709c00?s=96&d=mm&r=g\",\"caption\":\"admin\"},\"sameAs\":[\"https:\/\/www.velfor.com\"],\"url\":\"https:\/\/www.velfor.com\/de\/author\/yoannekypia-fr\/\"}]}<\/script>\n<!-- \/ Yoast SEO Premium plugin. -->","yoast_head_json":{"title":"Velfor nimmt an Medi'nov 2020 teil - Velfor","robots":{"index":"index","follow":"follow","max-snippet":"max-snippet:-1","max-image-preview":"max-image-preview:large","max-video-preview":"max-video-preview:-1"},"canonical":"https:\/\/www.velfor.com\/de\/velfor-nimmt-an-medinov-2020-teil\/","og_locale":"de_DE","og_type":"article","og_title":"Velfor nimmt an Medi'nov 2020 teil","og_description":"Die Velfor-Gruppe nimmt an der Messe Medi&#8217;nov Connection vom 09. bis 10. September in Lyon teil. Wir sind an Stand Nr. 26 vertreten. Wir werden Ihnen unsere verschiedenen T\u00e4tigkeitsbereiche und Dienstleistungen f\u00fcr den Gesundheitsmarkt vorstellen. Wir bieten Ihnen Reinraumproduktion, Verpackung von medizinischen Ger\u00e4ten, Thermoformen, Hochfrequenzschwei\u00dfen und stehen Ihnen f\u00fcr Gespr\u00e4che \u00fcber Ihre Bed\u00fcrfnisse zur Verf\u00fcgung. [&hellip;]","og_url":"https:\/\/www.velfor.com\/de\/velfor-nimmt-an-medinov-2020-teil\/","og_site_name":"Velfor","article_published_time":"2020-08-31T05:34:02+00:00","og_image":[{"width":1047,"height":1041,"url":"https:\/\/www.velfor.com\/wp-content\/uploads\/2020\/08\/Photo-du-salon.jpg","type":"image\/jpeg"}],"author":"admin","twitter_card":"summary_large_image","twitter_misc":{"Written by":"admin","Est. reading time":"1\u00a0Minute"},"schema":{"@context":"https:\/\/schema.org","@graph":[{"@type":"Article","@id":"https:\/\/www.velfor.com\/de\/velfor-nimmt-an-medinov-2020-teil\/#article","isPartOf":{"@id":"https:\/\/www.velfor.com\/de\/velfor-nimmt-an-medinov-2020-teil\/"},"author":{"name":"admin","@id":"https:\/\/www.velfor.com\/de\/#\/schema\/person\/244d8af9b2354c701268aa65856d68be"},"headline":"Velfor nimmt an Medi&#8217;nov 2020 teil","datePublished":"2020-08-31T05:34:02+00:00","mainEntityOfPage":{"@id":"https:\/\/www.velfor.com\/de\/velfor-nimmt-an-medinov-2020-teil\/"},"wordCount":137,"commentCount":0,"publisher":{"@id":"https:\/\/www.velfor.com\/de\/#organization"},"image":{"@id":"https:\/\/www.velfor.com\/de\/velfor-nimmt-an-medinov-2020-teil\/#primaryimage"},"thumbnailUrl":"https:\/\/www.velfor.com\/wp-content\/uploads\/2020\/08\/Photo-du-salon.jpg","articleSection":["Ereignis"],"inLanguage":"de","potentialAction":[{"@type":"CommentAction","name":"Comment","target":["https:\/\/www.velfor.com\/de\/velfor-nimmt-an-medinov-2020-teil\/#respond"]}]},{"@type":"WebPage","@id":"https:\/\/www.velfor.com\/de\/velfor-nimmt-an-medinov-2020-teil\/","url":"https:\/\/www.velfor.com\/de\/velfor-nimmt-an-medinov-2020-teil\/","name":"Velfor nimmt an Medi'nov 2020 teil - Velfor","isPartOf":{"@id":"https:\/\/www.velfor.com\/de\/#website"},"primaryImageOfPage":{"@id":"https:\/\/www.velfor.com\/de\/velfor-nimmt-an-medinov-2020-teil\/#primaryimage"},"image":{"@id":"https:\/\/www.velfor.com\/de\/velfor-nimmt-an-medinov-2020-teil\/#primaryimage"},"thumbnailUrl":"https:\/\/www.velfor.com\/wp-content\/uploads\/2020\/08\/Photo-du-salon.jpg","datePublished":"2020-08-31T05:34:02+00:00","breadcrumb":{"@id":"https:\/\/www.velfor.com\/de\/velfor-nimmt-an-medinov-2020-teil\/#breadcrumb"},"inLanguage":"de","potentialAction":[{"@type":"ReadAction","target":["https:\/\/www.velfor.com\/de\/velfor-nimmt-an-medinov-2020-teil\/"]}]},{"@type":"ImageObject","inLanguage":"de","@id":"https:\/\/www.velfor.com\/de\/velfor-nimmt-an-medinov-2020-teil\/#primaryimage","url":"https:\/\/www.velfor.com\/wp-content\/uploads\/2020\/08\/Photo-du-salon.jpg","contentUrl":"https:\/\/www.velfor.com\/wp-content\/uploads\/2020\/08\/Photo-du-salon.jpg","width":1047,"height":1041,"caption":"M\u00e9dinov 2023"},{"@type":"BreadcrumbList","@id":"https:\/\/www.velfor.com\/de\/velfor-nimmt-an-medinov-2020-teil\/#breadcrumb","itemListElement":[{"@type":"ListItem","position":1,"name":"Accueil","item":"https:\/\/www.velfor.com\/de\/startseite\/"},{"@type":"ListItem","position":2,"name":"Velfor nimmt an Medi&rsquo;nov 2020 teil"}]},{"@type":"WebSite","@id":"https:\/\/www.velfor.com\/de\/#website","url":"https:\/\/www.velfor.com\/de\/","name":"Velfor","description":"Le Groupe Velfor, votre partenaire privil\u00e9gi\u00e9 pour des solutions durables et innovantes","publisher":{"@id":"https:\/\/www.velfor.com\/de\/#organization"},"potentialAction":[{"@type":"SearchAction","target":{"@type":"EntryPoint","urlTemplate":"https:\/\/www.velfor.com\/de\/?s={search_term_string}"},"query-input":{"@type":"PropertyValueSpecification","valueRequired":true,"valueName":"search_term_string"}}],"inLanguage":"de"},{"@type":"Organization","@id":"https:\/\/www.velfor.com\/de\/#organization","name":"Velfor","url":"https:\/\/www.velfor.com\/de\/","logo":{"@type":"ImageObject","inLanguage":"de","@id":"https:\/\/www.velfor.com\/de\/#\/schema\/logo\/image\/","url":"https:\/\/www.velfor.com\/wp-content\/uploads\/2024\/12\/velfor-logo.svg","contentUrl":"https:\/\/www.velfor.com\/wp-content\/uploads\/2024\/12\/velfor-logo.svg","width":210,"height":44,"caption":"Velfor"},"image":{"@id":"https:\/\/www.velfor.com\/de\/#\/schema\/logo\/image\/"}},{"@type":"Person","@id":"https:\/\/www.velfor.com\/de\/#\/schema\/person\/244d8af9b2354c701268aa65856d68be","name":"admin","image":{"@type":"ImageObject","inLanguage":"de","@id":"https:\/\/www.velfor.com\/de\/#\/schema\/person\/image\/","url":"https:\/\/secure.gravatar.com\/avatar\/b52efe74a6a713b4a3b98a7da206535d60b9d7410265cd338904e9dc7b709c00?s=96&d=mm&r=g","contentUrl":"https:\/\/secure.gravatar.com\/avatar\/b52efe74a6a713b4a3b98a7da206535d60b9d7410265cd338904e9dc7b709c00?s=96&d=mm&r=g","caption":"admin"},"sameAs":["https:\/\/www.velfor.com"],"url":"https:\/\/www.velfor.com\/de\/author\/yoannekypia-fr\/"}]}},"_links":{"self":[{"href":"https:\/\/www.velfor.com\/de\/wp-json\/wp\/v2\/posts\/5119","targetHints":{"allow":["GET"]}}],"collection":[{"href":"https:\/\/www.velfor.com\/de\/wp-json\/wp\/v2\/posts"}],"about":[{"href":"https:\/\/www.velfor.com\/de\/wp-json\/wp\/v2\/types\/post"}],"author":[{"embeddable":true,"href":"https:\/\/www.velfor.com\/de\/wp-json\/wp\/v2\/users\/1"}],"replies":[{"embeddable":true,"href":"https:\/\/www.velfor.com\/de\/wp-json\/wp\/v2\/comments?post=5119"}],"version-history":[{"count":0,"href":"https:\/\/www.velfor.com\/de\/wp-json\/wp\/v2\/posts\/5119\/revisions"}],"wp:featuredmedia":[{"embeddable":true,"href":"https:\/\/www.velfor.com\/de\/wp-json\/wp\/v2\/media\/4988"}],"wp:attachment":[{"href":"https:\/\/www.velfor.com\/de\/wp-json\/wp\/v2\/media?parent=5119"}],"wp:term":[{"taxonomy":"category","embeddable":true,"href":"https:\/\/www.velfor.com\/de\/wp-json\/wp\/v2\/categories?post=5119"},{"taxonomy":"post_tag","embeddable":true,"href":"https:\/\/www.velfor.com\/de\/wp-json\/wp\/v2\/tags?post=5119"}],"curies":[{"name":"wp","href":"https:\/\/api.w.org\/{rel}","templated":true}]}}