{"id":5253,"date":"2019-03-28T14:04:59","date_gmt":"2019-03-28T13:04:59","guid":{"rendered":"https:\/\/www.velfor.com\/cfia-2019-ein-grosser-erfolg-fuer-die-velfor-gruppe\/"},"modified":"2019-03-28T14:04:59","modified_gmt":"2019-03-28T13:04:59","slug":"cfia-2019-ein-grosser-erfolg-fuer-die-velfor-gruppe","status":"publish","type":"post","link":"https:\/\/www.velfor.com\/de\/cfia-2019-ein-grosser-erfolg-fuer-die-velfor-gruppe\/","title":{"rendered":"CFIA 2019, ein gro\u00dfer Erfolg f\u00fcr die Velfor-Gruppe"},"content":{"rendered":"<p>Die Velfor-Gruppe hat vom 12. bis 14. M\u00e4rz 2019 an der CFIA in Rennes teilgenommen. Diese Messe, an der wir seit vielen Jahren teilnehmen, ist ein Muss f\u00fcr den Lebensmittelmarkt. Sie ist die gro\u00dfe franz\u00f6sische Veranstaltung, auf der Ausr\u00fcster, Lieferanten und Dienstleister der Lebensmittelindustrie zusammenkommen. Die CFIA 2019 war ein gro\u00dfer Erfolg. In der Tat besuchten mehr als 20.000 Menschen die Messe w\u00e4hrend der 3-t\u00e4gigen Ausstellung.    <\/p>\n<p>Im Rahmen unserer Entwicklungspolitik haben wir uns entschieden, die Standfl\u00e4che erheblich zu vergr\u00f6\u00dfern, von 12 m\u00b2 auf 18 m\u00b2. Dadurch konnten wir Ihnen mehr ma\u00dfgeschneiderte und Standardprodukte und -konzepte pr\u00e4sentieren: <\/p>\n<p>&nbsp;<\/p>\n<p><img fetchpriority=\"high\" decoding=\"async\" class=\"aligncenter wp-image-957\" src=\"http:\/\/www.velfor.com\/wp-content\/uploads\/2019\/02\/nouveaux-produits-agroalimentaires.jpg\" alt=\"Reifungskeller, Transportschalen, Schalen, Einlagen\" width=\"700\" height=\"175\"><\/p>\n<p>&nbsp;<\/p>\n<p>&nbsp;<\/p>\n<p>Nach dieser erfolgreichen Veranstaltung freuen wir uns auf die n\u00e4chste CFIA in Rennes vom 10. bis 12. M\u00e4rz 2020.<\/p>\n<p>Bis zur Ausgabe 2020 l\u00e4uft die CFIA das ganze Jahr \u00fcber weiter. Finden Sie alle unsere neuesten Produkte und unser Firmenprofil auf der neuen Referenzierungsplattform <a href=\"https:\/\/mycfia.com\/fournisseur\/velfor-groupe\">MyCfia.com<\/a>. <\/p>\n<p>Unsere neuesten Standard- und ma\u00dfgeschneiderten Konzepte und Entwicklungen finden Sie auch <a href=\"http:\/\/www.velfor.com\/wp-content\/uploads\/2022\/04\/PLAQUETTE-AGROALIMENTAIRE-2023-avec-compression.pdf\">in unserer Brosch\u00fcre f\u00fcr die Lebensmittelindustrie, die Sie herunterladen<\/a> k\u00f6nnen.<\/p>\n","protected":false},"excerpt":{"rendered":"<p>Die Velfor-Gruppe hat vom 12. bis 14. M\u00e4rz 2019 an der CFIA in Rennes teilgenommen. Diese Messe, an der wir seit vielen Jahren teilnehmen, ist ein Muss f\u00fcr den Lebensmittelmarkt. Sie ist die gro\u00dfe franz\u00f6sische Veranstaltung, auf der Ausr\u00fcster, Lieferanten und Dienstleister der Lebensmittelindustrie zusammenkommen. Die CFIA 2019 war ein gro\u00dfer Erfolg. In der Tat [&hellip;]<\/p>\n","protected":false},"author":1,"featured_media":4996,"comment_status":"open","ping_status":"open","sticky":false,"template":"","format":"standard","meta":{"_acf_changed":false,"footnotes":""},"categories":[37],"tags":[],"class_list":["post-5253","post","type-post","status-publish","format-standard","has-post-thumbnail","hentry","category-ereignis"],"acf":[],"yoast_head":"<!-- This site is optimized with the Yoast SEO Premium plugin v25.2 (Yoast SEO v25.2) - https:\/\/yoast.com\/wordpress\/plugins\/seo\/ -->\n<title>CFIA 2019, ein gro\u00dfer Erfolg f\u00fcr die Velfor-Gruppe - Velfor<\/title>\n<meta name=\"robots\" content=\"index, follow, max-snippet:-1, max-image-preview:large, max-video-preview:-1\" \/>\n<link rel=\"canonical\" href=\"https:\/\/www.velfor.com\/de\/cfia-2019-ein-grosser-erfolg-fuer-die-velfor-gruppe\/\" \/>\n<meta property=\"og:locale\" content=\"de_DE\" \/>\n<meta property=\"og:type\" content=\"article\" \/>\n<meta property=\"og:title\" content=\"CFIA 2019, ein gro\u00dfer Erfolg f\u00fcr die Velfor-Gruppe\" \/>\n<meta property=\"og:description\" content=\"Die Velfor-Gruppe hat vom 12. bis 14. M\u00e4rz 2019 an der CFIA in Rennes teilgenommen. Diese Messe, an der wir seit vielen Jahren teilnehmen, ist ein Muss f\u00fcr den Lebensmittelmarkt. Sie ist die gro\u00dfe franz\u00f6sische Veranstaltung, auf der Ausr\u00fcster, Lieferanten und Dienstleister der Lebensmittelindustrie zusammenkommen. Die CFIA 2019 war ein gro\u00dfer Erfolg. In der Tat [&hellip;]\" \/>\n<meta property=\"og:url\" content=\"https:\/\/www.velfor.com\/de\/cfia-2019-ein-grosser-erfolg-fuer-die-velfor-gruppe\/\" \/>\n<meta property=\"og:site_name\" content=\"Velfor\" \/>\n<meta property=\"article:published_time\" content=\"2019-03-28T13:04:59+00:00\" \/>\n<meta property=\"og:image\" content=\"https:\/\/www.velfor.com\/wp-content\/uploads\/2019\/03\/Photo-du-stand-retouchee-scaled.jpg\" \/>\n\t<meta property=\"og:image:width\" content=\"2560\" \/>\n\t<meta property=\"og:image:height\" content=\"1808\" \/>\n\t<meta property=\"og:image:type\" content=\"image\/jpeg\" \/>\n<meta name=\"author\" content=\"admin\" \/>\n<meta name=\"twitter:card\" content=\"summary_large_image\" \/>\n<meta name=\"twitter:label1\" content=\"Written by\" \/>\n\t<meta name=\"twitter:data1\" content=\"admin\" \/>\n\t<meta name=\"twitter:label2\" content=\"Est. reading time\" \/>\n\t<meta name=\"twitter:data2\" content=\"1\u00a0Minute\" \/>\n<script type=\"application\/ld+json\" class=\"yoast-schema-graph\">{\"@context\":\"https:\/\/schema.org\",\"@graph\":[{\"@type\":\"Article\",\"@id\":\"https:\/\/www.velfor.com\/de\/cfia-2019-ein-grosser-erfolg-fuer-die-velfor-gruppe\/#article\",\"isPartOf\":{\"@id\":\"https:\/\/www.velfor.com\/de\/cfia-2019-ein-grosser-erfolg-fuer-die-velfor-gruppe\/\"},\"author\":{\"name\":\"admin\",\"@id\":\"https:\/\/www.velfor.com\/de\/#\/schema\/person\/244d8af9b2354c701268aa65856d68be\"},\"headline\":\"CFIA 2019, ein gro\u00dfer Erfolg f\u00fcr die Velfor-Gruppe\",\"datePublished\":\"2019-03-28T13:04:59+00:00\",\"mainEntityOfPage\":{\"@id\":\"https:\/\/www.velfor.com\/de\/cfia-2019-ein-grosser-erfolg-fuer-die-velfor-gruppe\/\"},\"wordCount\":183,\"commentCount\":0,\"publisher\":{\"@id\":\"https:\/\/www.velfor.com\/de\/#organization\"},\"image\":{\"@id\":\"https:\/\/www.velfor.com\/de\/cfia-2019-ein-grosser-erfolg-fuer-die-velfor-gruppe\/#primaryimage\"},\"thumbnailUrl\":\"https:\/\/www.velfor.com\/wp-content\/uploads\/2019\/03\/Photo-du-stand-retouchee-scaled.jpg\",\"articleSection\":[\"Ereignis\"],\"inLanguage\":\"de\",\"potentialAction\":[{\"@type\":\"CommentAction\",\"name\":\"Comment\",\"target\":[\"https:\/\/www.velfor.com\/de\/cfia-2019-ein-grosser-erfolg-fuer-die-velfor-gruppe\/#respond\"]}]},{\"@type\":\"WebPage\",\"@id\":\"https:\/\/www.velfor.com\/de\/cfia-2019-ein-grosser-erfolg-fuer-die-velfor-gruppe\/\",\"url\":\"https:\/\/www.velfor.com\/de\/cfia-2019-ein-grosser-erfolg-fuer-die-velfor-gruppe\/\",\"name\":\"CFIA 2019, ein gro\u00dfer Erfolg f\u00fcr die Velfor-Gruppe - Velfor\",\"isPartOf\":{\"@id\":\"https:\/\/www.velfor.com\/de\/#website\"},\"primaryImageOfPage\":{\"@id\":\"https:\/\/www.velfor.com\/de\/cfia-2019-ein-grosser-erfolg-fuer-die-velfor-gruppe\/#primaryimage\"},\"image\":{\"@id\":\"https:\/\/www.velfor.com\/de\/cfia-2019-ein-grosser-erfolg-fuer-die-velfor-gruppe\/#primaryimage\"},\"thumbnailUrl\":\"https:\/\/www.velfor.com\/wp-content\/uploads\/2019\/03\/Photo-du-stand-retouchee-scaled.jpg\",\"datePublished\":\"2019-03-28T13:04:59+00:00\",\"breadcrumb\":{\"@id\":\"https:\/\/www.velfor.com\/de\/cfia-2019-ein-grosser-erfolg-fuer-die-velfor-gruppe\/#breadcrumb\"},\"inLanguage\":\"de\",\"potentialAction\":[{\"@type\":\"ReadAction\",\"target\":[\"https:\/\/www.velfor.com\/de\/cfia-2019-ein-grosser-erfolg-fuer-die-velfor-gruppe\/\"]}]},{\"@type\":\"ImageObject\",\"inLanguage\":\"de\",\"@id\":\"https:\/\/www.velfor.com\/de\/cfia-2019-ein-grosser-erfolg-fuer-die-velfor-gruppe\/#primaryimage\",\"url\":\"https:\/\/www.velfor.com\/wp-content\/uploads\/2019\/03\/Photo-du-stand-retouchee-scaled.jpg\",\"contentUrl\":\"https:\/\/www.velfor.com\/wp-content\/uploads\/2019\/03\/Photo-du-stand-retouchee-scaled.jpg\",\"width\":2560,\"height\":1808},{\"@type\":\"BreadcrumbList\",\"@id\":\"https:\/\/www.velfor.com\/de\/cfia-2019-ein-grosser-erfolg-fuer-die-velfor-gruppe\/#breadcrumb\",\"itemListElement\":[{\"@type\":\"ListItem\",\"position\":1,\"name\":\"Accueil\",\"item\":\"https:\/\/www.velfor.com\/de\/startseite\/\"},{\"@type\":\"ListItem\",\"position\":2,\"name\":\"CFIA 2019, ein gro\u00dfer Erfolg f\u00fcr die Velfor-Gruppe\"}]},{\"@type\":\"WebSite\",\"@id\":\"https:\/\/www.velfor.com\/de\/#website\",\"url\":\"https:\/\/www.velfor.com\/de\/\",\"name\":\"Velfor\",\"description\":\"Le Groupe Velfor, votre partenaire privil\u00e9gi\u00e9 pour des solutions durables et innovantes\",\"publisher\":{\"@id\":\"https:\/\/www.velfor.com\/de\/#organization\"},\"potentialAction\":[{\"@type\":\"SearchAction\",\"target\":{\"@type\":\"EntryPoint\",\"urlTemplate\":\"https:\/\/www.velfor.com\/de\/?s={search_term_string}\"},\"query-input\":{\"@type\":\"PropertyValueSpecification\",\"valueRequired\":true,\"valueName\":\"search_term_string\"}}],\"inLanguage\":\"de\"},{\"@type\":\"Organization\",\"@id\":\"https:\/\/www.velfor.com\/de\/#organization\",\"name\":\"Velfor\",\"url\":\"https:\/\/www.velfor.com\/de\/\",\"logo\":{\"@type\":\"ImageObject\",\"inLanguage\":\"de\",\"@id\":\"https:\/\/www.velfor.com\/de\/#\/schema\/logo\/image\/\",\"url\":\"https:\/\/www.velfor.com\/wp-content\/uploads\/2024\/12\/velfor-logo.svg\",\"contentUrl\":\"https:\/\/www.velfor.com\/wp-content\/uploads\/2024\/12\/velfor-logo.svg\",\"width\":210,\"height\":44,\"caption\":\"Velfor\"},\"image\":{\"@id\":\"https:\/\/www.velfor.com\/de\/#\/schema\/logo\/image\/\"}},{\"@type\":\"Person\",\"@id\":\"https:\/\/www.velfor.com\/de\/#\/schema\/person\/244d8af9b2354c701268aa65856d68be\",\"name\":\"admin\",\"image\":{\"@type\":\"ImageObject\",\"inLanguage\":\"de\",\"@id\":\"https:\/\/www.velfor.com\/de\/#\/schema\/person\/image\/\",\"url\":\"https:\/\/secure.gravatar.com\/avatar\/b52efe74a6a713b4a3b98a7da206535d60b9d7410265cd338904e9dc7b709c00?s=96&d=mm&r=g\",\"contentUrl\":\"https:\/\/secure.gravatar.com\/avatar\/b52efe74a6a713b4a3b98a7da206535d60b9d7410265cd338904e9dc7b709c00?s=96&d=mm&r=g\",\"caption\":\"admin\"},\"sameAs\":[\"https:\/\/www.velfor.com\"],\"url\":\"https:\/\/www.velfor.com\/de\/author\/yoannekypia-fr\/\"}]}<\/script>\n<!-- \/ Yoast SEO Premium plugin. -->","yoast_head_json":{"title":"CFIA 2019, ein gro\u00dfer Erfolg f\u00fcr die Velfor-Gruppe - Velfor","robots":{"index":"index","follow":"follow","max-snippet":"max-snippet:-1","max-image-preview":"max-image-preview:large","max-video-preview":"max-video-preview:-1"},"canonical":"https:\/\/www.velfor.com\/de\/cfia-2019-ein-grosser-erfolg-fuer-die-velfor-gruppe\/","og_locale":"de_DE","og_type":"article","og_title":"CFIA 2019, ein gro\u00dfer Erfolg f\u00fcr die Velfor-Gruppe","og_description":"Die Velfor-Gruppe hat vom 12. bis 14. M\u00e4rz 2019 an der CFIA in Rennes teilgenommen. Diese Messe, an der wir seit vielen Jahren teilnehmen, ist ein Muss f\u00fcr den Lebensmittelmarkt. Sie ist die gro\u00dfe franz\u00f6sische Veranstaltung, auf der Ausr\u00fcster, Lieferanten und Dienstleister der Lebensmittelindustrie zusammenkommen. Die CFIA 2019 war ein gro\u00dfer Erfolg. In der Tat [&hellip;]","og_url":"https:\/\/www.velfor.com\/de\/cfia-2019-ein-grosser-erfolg-fuer-die-velfor-gruppe\/","og_site_name":"Velfor","article_published_time":"2019-03-28T13:04:59+00:00","og_image":[{"width":2560,"height":1808,"url":"https:\/\/www.velfor.com\/wp-content\/uploads\/2019\/03\/Photo-du-stand-retouchee-scaled.jpg","type":"image\/jpeg"}],"author":"admin","twitter_card":"summary_large_image","twitter_misc":{"Written by":"admin","Est. reading time":"1\u00a0Minute"},"schema":{"@context":"https:\/\/schema.org","@graph":[{"@type":"Article","@id":"https:\/\/www.velfor.com\/de\/cfia-2019-ein-grosser-erfolg-fuer-die-velfor-gruppe\/#article","isPartOf":{"@id":"https:\/\/www.velfor.com\/de\/cfia-2019-ein-grosser-erfolg-fuer-die-velfor-gruppe\/"},"author":{"name":"admin","@id":"https:\/\/www.velfor.com\/de\/#\/schema\/person\/244d8af9b2354c701268aa65856d68be"},"headline":"CFIA 2019, ein gro\u00dfer Erfolg f\u00fcr die Velfor-Gruppe","datePublished":"2019-03-28T13:04:59+00:00","mainEntityOfPage":{"@id":"https:\/\/www.velfor.com\/de\/cfia-2019-ein-grosser-erfolg-fuer-die-velfor-gruppe\/"},"wordCount":183,"commentCount":0,"publisher":{"@id":"https:\/\/www.velfor.com\/de\/#organization"},"image":{"@id":"https:\/\/www.velfor.com\/de\/cfia-2019-ein-grosser-erfolg-fuer-die-velfor-gruppe\/#primaryimage"},"thumbnailUrl":"https:\/\/www.velfor.com\/wp-content\/uploads\/2019\/03\/Photo-du-stand-retouchee-scaled.jpg","articleSection":["Ereignis"],"inLanguage":"de","potentialAction":[{"@type":"CommentAction","name":"Comment","target":["https:\/\/www.velfor.com\/de\/cfia-2019-ein-grosser-erfolg-fuer-die-velfor-gruppe\/#respond"]}]},{"@type":"WebPage","@id":"https:\/\/www.velfor.com\/de\/cfia-2019-ein-grosser-erfolg-fuer-die-velfor-gruppe\/","url":"https:\/\/www.velfor.com\/de\/cfia-2019-ein-grosser-erfolg-fuer-die-velfor-gruppe\/","name":"CFIA 2019, ein gro\u00dfer Erfolg f\u00fcr die Velfor-Gruppe - Velfor","isPartOf":{"@id":"https:\/\/www.velfor.com\/de\/#website"},"primaryImageOfPage":{"@id":"https:\/\/www.velfor.com\/de\/cfia-2019-ein-grosser-erfolg-fuer-die-velfor-gruppe\/#primaryimage"},"image":{"@id":"https:\/\/www.velfor.com\/de\/cfia-2019-ein-grosser-erfolg-fuer-die-velfor-gruppe\/#primaryimage"},"thumbnailUrl":"https:\/\/www.velfor.com\/wp-content\/uploads\/2019\/03\/Photo-du-stand-retouchee-scaled.jpg","datePublished":"2019-03-28T13:04:59+00:00","breadcrumb":{"@id":"https:\/\/www.velfor.com\/de\/cfia-2019-ein-grosser-erfolg-fuer-die-velfor-gruppe\/#breadcrumb"},"inLanguage":"de","potentialAction":[{"@type":"ReadAction","target":["https:\/\/www.velfor.com\/de\/cfia-2019-ein-grosser-erfolg-fuer-die-velfor-gruppe\/"]}]},{"@type":"ImageObject","inLanguage":"de","@id":"https:\/\/www.velfor.com\/de\/cfia-2019-ein-grosser-erfolg-fuer-die-velfor-gruppe\/#primaryimage","url":"https:\/\/www.velfor.com\/wp-content\/uploads\/2019\/03\/Photo-du-stand-retouchee-scaled.jpg","contentUrl":"https:\/\/www.velfor.com\/wp-content\/uploads\/2019\/03\/Photo-du-stand-retouchee-scaled.jpg","width":2560,"height":1808},{"@type":"BreadcrumbList","@id":"https:\/\/www.velfor.com\/de\/cfia-2019-ein-grosser-erfolg-fuer-die-velfor-gruppe\/#breadcrumb","itemListElement":[{"@type":"ListItem","position":1,"name":"Accueil","item":"https:\/\/www.velfor.com\/de\/startseite\/"},{"@type":"ListItem","position":2,"name":"CFIA 2019, ein gro\u00dfer Erfolg f\u00fcr die Velfor-Gruppe"}]},{"@type":"WebSite","@id":"https:\/\/www.velfor.com\/de\/#website","url":"https:\/\/www.velfor.com\/de\/","name":"Velfor","description":"Le Groupe Velfor, votre partenaire privil\u00e9gi\u00e9 pour des solutions durables et innovantes","publisher":{"@id":"https:\/\/www.velfor.com\/de\/#organization"},"potentialAction":[{"@type":"SearchAction","target":{"@type":"EntryPoint","urlTemplate":"https:\/\/www.velfor.com\/de\/?s={search_term_string}"},"query-input":{"@type":"PropertyValueSpecification","valueRequired":true,"valueName":"search_term_string"}}],"inLanguage":"de"},{"@type":"Organization","@id":"https:\/\/www.velfor.com\/de\/#organization","name":"Velfor","url":"https:\/\/www.velfor.com\/de\/","logo":{"@type":"ImageObject","inLanguage":"de","@id":"https:\/\/www.velfor.com\/de\/#\/schema\/logo\/image\/","url":"https:\/\/www.velfor.com\/wp-content\/uploads\/2024\/12\/velfor-logo.svg","contentUrl":"https:\/\/www.velfor.com\/wp-content\/uploads\/2024\/12\/velfor-logo.svg","width":210,"height":44,"caption":"Velfor"},"image":{"@id":"https:\/\/www.velfor.com\/de\/#\/schema\/logo\/image\/"}},{"@type":"Person","@id":"https:\/\/www.velfor.com\/de\/#\/schema\/person\/244d8af9b2354c701268aa65856d68be","name":"admin","image":{"@type":"ImageObject","inLanguage":"de","@id":"https:\/\/www.velfor.com\/de\/#\/schema\/person\/image\/","url":"https:\/\/secure.gravatar.com\/avatar\/b52efe74a6a713b4a3b98a7da206535d60b9d7410265cd338904e9dc7b709c00?s=96&d=mm&r=g","contentUrl":"https:\/\/secure.gravatar.com\/avatar\/b52efe74a6a713b4a3b98a7da206535d60b9d7410265cd338904e9dc7b709c00?s=96&d=mm&r=g","caption":"admin"},"sameAs":["https:\/\/www.velfor.com"],"url":"https:\/\/www.velfor.com\/de\/author\/yoannekypia-fr\/"}]}},"_links":{"self":[{"href":"https:\/\/www.velfor.com\/de\/wp-json\/wp\/v2\/posts\/5253","targetHints":{"allow":["GET"]}}],"collection":[{"href":"https:\/\/www.velfor.com\/de\/wp-json\/wp\/v2\/posts"}],"about":[{"href":"https:\/\/www.velfor.com\/de\/wp-json\/wp\/v2\/types\/post"}],"author":[{"embeddable":true,"href":"https:\/\/www.velfor.com\/de\/wp-json\/wp\/v2\/users\/1"}],"replies":[{"embeddable":true,"href":"https:\/\/www.velfor.com\/de\/wp-json\/wp\/v2\/comments?post=5253"}],"version-history":[{"count":0,"href":"https:\/\/www.velfor.com\/de\/wp-json\/wp\/v2\/posts\/5253\/revisions"}],"wp:featuredmedia":[{"embeddable":true,"href":"https:\/\/www.velfor.com\/de\/wp-json\/wp\/v2\/media\/4996"}],"wp:attachment":[{"href":"https:\/\/www.velfor.com\/de\/wp-json\/wp\/v2\/media?parent=5253"}],"wp:term":[{"taxonomy":"category","embeddable":true,"href":"https:\/\/www.velfor.com\/de\/wp-json\/wp\/v2\/categories?post=5253"},{"taxonomy":"post_tag","embeddable":true,"href":"https:\/\/www.velfor.com\/de\/wp-json\/wp\/v2\/tags?post=5253"}],"curies":[{"name":"wp","href":"https:\/\/api.w.org\/{rel}","templated":true}]}}