{"id":5256,"date":"2019-03-19T13:42:23","date_gmt":"2019-03-19T12:42:23","guid":{"rendered":"https:\/\/www.velfor.com\/velfor-nahm-an-der-midest-2019-in-lyon-teil\/"},"modified":"2019-03-19T13:42:23","modified_gmt":"2019-03-19T12:42:23","slug":"velfor-nahm-an-der-midest-2019-in-lyon-teil","status":"publish","type":"post","link":"https:\/\/www.velfor.com\/de\/velfor-nahm-an-der-midest-2019-in-lyon-teil\/","title":{"rendered":"Velfor nahm an der Midest 2019 in Lyon teil."},"content":{"rendered":"<p>Die Velfor-Gruppe nahm vom 05. bis 08. M\u00e4rz 2019 an der Midest teil. Diese Messe war Teil von Global Industrie, die die vier wichtigsten franz\u00f6sischen Industriemessen an einem Ort vereint:<\/p>\n<p style=\"padding-left: 60px;\">&#8211; Industrie, die Messe f\u00fcr Produktionstechnologien und -ausr\u00fcstungen<\/p>\n<p style=\"padding-left: 60px;\">&#8211; Tolexpo, die 100%ige Arbeitsmesse f\u00fcr Blech, Rohre und Profile<\/p>\n<p style=\"padding-left: 60px;\">&#8211; Smart Industrie, die Messe f\u00fcr die vernetzte, kooperative und effiziente Industrie<\/p>\n<p style=\"padding-left: 60px;\">&#8211; Midest, die internationale Fachmesse f\u00fcr Know-how in der industriellen Zulieferung, an der wir am Stand 5 E113 im Kollektiv der IHK der Region Auvergne-Rh\u00f4ne-Alpes teilgenommen haben<\/p>\n<p>&nbsp;<\/p>\n<p><img decoding=\"async\" class=\"size-medium wp-image-985 aligncenter\" src=\"http:\/\/www.velfor.com\/wp-content\/uploads\/2019\/03\/midest2019-300x180.jpg\" alt=\"Velfor nahm an der MIDEST 2019 teil.\"><\/p>\n<p>&nbsp;<\/p>\n<p>Diese Messe war eine gute Gelegenheit, Ihnen unsere neuen St\u00fccke und technischen Innovationen vorzustellen. Tats\u00e4chlich haben wir Ihnen auf der Midest 2019 unsere Produktneuheiten f\u00fcr die M\u00e4rkte Automobil, Bauwesen, Klimatechnik, Robotik und F\u00f6rdertechnik vorgestellt. So konnten Sie unsere Schutz- und Sichtteile f\u00fcr die Transportindustrie (Karosserieteile, Busspiegel, Sitzbez\u00fcge&#8230;), unsere Transport- und Handhabungsplatten, unsere Plattenformen f\u00fcr den Hoch- und Tiefbau, unsere Klimat\u00fcrme&#8230; entdecken oder wiederentdecken.<\/p>\n<p>&nbsp;<\/p>\n<p>Wir haben Ihnen dort auch unsere neuesten technischen Innovationen vorgestellt. Wir haben das dicke Thermoformen mit Hinterschneidungen hervorgehoben. Dieses neue Know-how erm\u00f6glicht es uns, Ihnen gro\u00dfe, dicke, thermogeformte Teile anzubieten, die funktioneller und komplexer sind. Diese neue Technologie bietet einen echten Mehrwert f\u00fcr die Nutzung des Raumes. Sie erm\u00f6glicht u.a. eine bessere Greifbarkeit, Design und\/oder rundere Formen.<\/p>\n<p>&nbsp;<\/p>\n<p>F\u00fcr weitere Informationen \u00fcber das Thermoformen mit Hinterschneidungen <a href=\"http:\/\/www.velfor.com\/wp-content\/uploads\/2019\/03\/le-thermoformage-en-forte-%C3%A9paisseur-avec-contre-d%C3%A9pouille.pdf\" target=\"_blank\" rel=\"noopener\">lesen Sie bitte das technische Datenblatt, indem Sie hier klicken<\/a>, oder <a href=\"http:\/\/www.velfor.com\/fr\/contacts\/\">kontaktieren Sie uns<\/a>.<\/p>\n<p>Weitere Informationen \u00fcber die MIDEST 2019 finden Sie auf <a href=\"https:\/\/www.midest.com\/fr\">der offiziellen Website der Messe. <\/a> <\/p>\n<p>&nbsp;<\/p>\n<p>&nbsp;<\/p>\n","protected":false},"excerpt":{"rendered":"<p>Die Velfor-Gruppe nahm vom 05. bis 08. M\u00e4rz 2019 an der Midest teil. Diese Messe war Teil von Global Industrie, die die vier wichtigsten franz\u00f6sischen Industriemessen an einem Ort vereint: &#8211; Industrie, die Messe f\u00fcr Produktionstechnologien und -ausr\u00fcstungen &#8211; Tolexpo, die 100%ige Arbeitsmesse f\u00fcr Blech, Rohre und Profile &#8211; Smart Industrie, die Messe f\u00fcr die [&hellip;]<\/p>\n","protected":false},"author":1,"featured_media":4998,"comment_status":"open","ping_status":"open","sticky":false,"template":"","format":"standard","meta":{"_acf_changed":false,"footnotes":""},"categories":[37],"tags":[],"class_list":["post-5256","post","type-post","status-publish","format-standard","has-post-thumbnail","hentry","category-ereignis"],"acf":[],"yoast_head":"<!-- This site is optimized with the Yoast SEO Premium plugin v25.2 (Yoast SEO v25.2) - https:\/\/yoast.com\/wordpress\/plugins\/seo\/ -->\n<title>Velfor nahm an der Midest 2019 in Lyon teil. - Velfor<\/title>\n<meta name=\"robots\" content=\"index, follow, max-snippet:-1, max-image-preview:large, max-video-preview:-1\" \/>\n<link rel=\"canonical\" href=\"https:\/\/www.velfor.com\/de\/velfor-nahm-an-der-midest-2019-in-lyon-teil\/\" \/>\n<meta property=\"og:locale\" content=\"de_DE\" \/>\n<meta property=\"og:type\" content=\"article\" \/>\n<meta property=\"og:title\" content=\"Velfor nahm an der Midest 2019 in Lyon teil.\" \/>\n<meta property=\"og:description\" content=\"Die Velfor-Gruppe nahm vom 05. bis 08. M\u00e4rz 2019 an der Midest teil. Diese Messe war Teil von Global Industrie, die die vier wichtigsten franz\u00f6sischen Industriemessen an einem Ort vereint: &#8211; Industrie, die Messe f\u00fcr Produktionstechnologien und -ausr\u00fcstungen &#8211; Tolexpo, die 100%ige Arbeitsmesse f\u00fcr Blech, Rohre und Profile &#8211; Smart Industrie, die Messe f\u00fcr die [&hellip;]\" \/>\n<meta property=\"og:url\" content=\"https:\/\/www.velfor.com\/de\/velfor-nahm-an-der-midest-2019-in-lyon-teil\/\" \/>\n<meta property=\"og:site_name\" content=\"Velfor\" \/>\n<meta property=\"article:published_time\" content=\"2019-03-19T12:42:23+00:00\" \/>\n<meta property=\"og:image\" content=\"https:\/\/www.velfor.com\/wp-content\/uploads\/2019\/03\/2-MIDEST2019.jpg\" \/>\n\t<meta property=\"og:image:width\" content=\"700\" \/>\n\t<meta property=\"og:image:height\" content=\"420\" \/>\n\t<meta property=\"og:image:type\" content=\"image\/jpeg\" \/>\n<meta name=\"author\" content=\"admin\" \/>\n<meta name=\"twitter:card\" content=\"summary_large_image\" \/>\n<meta name=\"twitter:label1\" content=\"Written by\" \/>\n\t<meta name=\"twitter:data1\" content=\"admin\" \/>\n\t<meta name=\"twitter:label2\" content=\"Est. reading time\" \/>\n\t<meta name=\"twitter:data2\" content=\"1\u00a0Minute\" \/>\n<script type=\"application\/ld+json\" class=\"yoast-schema-graph\">{\"@context\":\"https:\/\/schema.org\",\"@graph\":[{\"@type\":\"Article\",\"@id\":\"https:\/\/www.velfor.com\/de\/velfor-nahm-an-der-midest-2019-in-lyon-teil\/#article\",\"isPartOf\":{\"@id\":\"https:\/\/www.velfor.com\/de\/velfor-nahm-an-der-midest-2019-in-lyon-teil\/\"},\"author\":{\"name\":\"admin\",\"@id\":\"https:\/\/www.velfor.com\/de\/#\/schema\/person\/244d8af9b2354c701268aa65856d68be\"},\"headline\":\"Velfor nahm an der Midest 2019 in Lyon teil.\",\"datePublished\":\"2019-03-19T12:42:23+00:00\",\"mainEntityOfPage\":{\"@id\":\"https:\/\/www.velfor.com\/de\/velfor-nahm-an-der-midest-2019-in-lyon-teil\/\"},\"wordCount\":275,\"commentCount\":0,\"publisher\":{\"@id\":\"https:\/\/www.velfor.com\/de\/#organization\"},\"image\":{\"@id\":\"https:\/\/www.velfor.com\/de\/velfor-nahm-an-der-midest-2019-in-lyon-teil\/#primaryimage\"},\"thumbnailUrl\":\"https:\/\/www.velfor.com\/wp-content\/uploads\/2019\/03\/2-MIDEST2019.jpg\",\"articleSection\":[\"Ereignis\"],\"inLanguage\":\"de\",\"potentialAction\":[{\"@type\":\"CommentAction\",\"name\":\"Comment\",\"target\":[\"https:\/\/www.velfor.com\/de\/velfor-nahm-an-der-midest-2019-in-lyon-teil\/#respond\"]}]},{\"@type\":\"WebPage\",\"@id\":\"https:\/\/www.velfor.com\/de\/velfor-nahm-an-der-midest-2019-in-lyon-teil\/\",\"url\":\"https:\/\/www.velfor.com\/de\/velfor-nahm-an-der-midest-2019-in-lyon-teil\/\",\"name\":\"Velfor nahm an der Midest 2019 in Lyon teil. - Velfor\",\"isPartOf\":{\"@id\":\"https:\/\/www.velfor.com\/de\/#website\"},\"primaryImageOfPage\":{\"@id\":\"https:\/\/www.velfor.com\/de\/velfor-nahm-an-der-midest-2019-in-lyon-teil\/#primaryimage\"},\"image\":{\"@id\":\"https:\/\/www.velfor.com\/de\/velfor-nahm-an-der-midest-2019-in-lyon-teil\/#primaryimage\"},\"thumbnailUrl\":\"https:\/\/www.velfor.com\/wp-content\/uploads\/2019\/03\/2-MIDEST2019.jpg\",\"datePublished\":\"2019-03-19T12:42:23+00:00\",\"breadcrumb\":{\"@id\":\"https:\/\/www.velfor.com\/de\/velfor-nahm-an-der-midest-2019-in-lyon-teil\/#breadcrumb\"},\"inLanguage\":\"de\",\"potentialAction\":[{\"@type\":\"ReadAction\",\"target\":[\"https:\/\/www.velfor.com\/de\/velfor-nahm-an-der-midest-2019-in-lyon-teil\/\"]}]},{\"@type\":\"ImageObject\",\"inLanguage\":\"de\",\"@id\":\"https:\/\/www.velfor.com\/de\/velfor-nahm-an-der-midest-2019-in-lyon-teil\/#primaryimage\",\"url\":\"https:\/\/www.velfor.com\/wp-content\/uploads\/2019\/03\/2-MIDEST2019.jpg\",\"contentUrl\":\"https:\/\/www.velfor.com\/wp-content\/uploads\/2019\/03\/2-MIDEST2019.jpg\",\"width\":700,\"height\":420},{\"@type\":\"BreadcrumbList\",\"@id\":\"https:\/\/www.velfor.com\/de\/velfor-nahm-an-der-midest-2019-in-lyon-teil\/#breadcrumb\",\"itemListElement\":[{\"@type\":\"ListItem\",\"position\":1,\"name\":\"Accueil\",\"item\":\"https:\/\/www.velfor.com\/de\/startseite\/\"},{\"@type\":\"ListItem\",\"position\":2,\"name\":\"Velfor nahm an der Midest 2019 in Lyon teil.\"}]},{\"@type\":\"WebSite\",\"@id\":\"https:\/\/www.velfor.com\/de\/#website\",\"url\":\"https:\/\/www.velfor.com\/de\/\",\"name\":\"Velfor\",\"description\":\"Le Groupe Velfor, votre partenaire privil\u00e9gi\u00e9 pour des solutions durables et innovantes\",\"publisher\":{\"@id\":\"https:\/\/www.velfor.com\/de\/#organization\"},\"potentialAction\":[{\"@type\":\"SearchAction\",\"target\":{\"@type\":\"EntryPoint\",\"urlTemplate\":\"https:\/\/www.velfor.com\/de\/?s={search_term_string}\"},\"query-input\":{\"@type\":\"PropertyValueSpecification\",\"valueRequired\":true,\"valueName\":\"search_term_string\"}}],\"inLanguage\":\"de\"},{\"@type\":\"Organization\",\"@id\":\"https:\/\/www.velfor.com\/de\/#organization\",\"name\":\"Velfor\",\"url\":\"https:\/\/www.velfor.com\/de\/\",\"logo\":{\"@type\":\"ImageObject\",\"inLanguage\":\"de\",\"@id\":\"https:\/\/www.velfor.com\/de\/#\/schema\/logo\/image\/\",\"url\":\"https:\/\/www.velfor.com\/wp-content\/uploads\/2024\/12\/velfor-logo.svg\",\"contentUrl\":\"https:\/\/www.velfor.com\/wp-content\/uploads\/2024\/12\/velfor-logo.svg\",\"width\":210,\"height\":44,\"caption\":\"Velfor\"},\"image\":{\"@id\":\"https:\/\/www.velfor.com\/de\/#\/schema\/logo\/image\/\"}},{\"@type\":\"Person\",\"@id\":\"https:\/\/www.velfor.com\/de\/#\/schema\/person\/244d8af9b2354c701268aa65856d68be\",\"name\":\"admin\",\"image\":{\"@type\":\"ImageObject\",\"inLanguage\":\"de\",\"@id\":\"https:\/\/www.velfor.com\/de\/#\/schema\/person\/image\/\",\"url\":\"https:\/\/secure.gravatar.com\/avatar\/b52efe74a6a713b4a3b98a7da206535d60b9d7410265cd338904e9dc7b709c00?s=96&d=mm&r=g\",\"contentUrl\":\"https:\/\/secure.gravatar.com\/avatar\/b52efe74a6a713b4a3b98a7da206535d60b9d7410265cd338904e9dc7b709c00?s=96&d=mm&r=g\",\"caption\":\"admin\"},\"sameAs\":[\"https:\/\/www.velfor.com\"],\"url\":\"https:\/\/www.velfor.com\/de\/author\/yoannekypia-fr\/\"}]}<\/script>\n<!-- \/ Yoast SEO Premium plugin. -->","yoast_head_json":{"title":"Velfor nahm an der Midest 2019 in Lyon teil. - Velfor","robots":{"index":"index","follow":"follow","max-snippet":"max-snippet:-1","max-image-preview":"max-image-preview:large","max-video-preview":"max-video-preview:-1"},"canonical":"https:\/\/www.velfor.com\/de\/velfor-nahm-an-der-midest-2019-in-lyon-teil\/","og_locale":"de_DE","og_type":"article","og_title":"Velfor nahm an der Midest 2019 in Lyon teil.","og_description":"Die Velfor-Gruppe nahm vom 05. bis 08. M\u00e4rz 2019 an der Midest teil. Diese Messe war Teil von Global Industrie, die die vier wichtigsten franz\u00f6sischen Industriemessen an einem Ort vereint: &#8211; Industrie, die Messe f\u00fcr Produktionstechnologien und -ausr\u00fcstungen &#8211; Tolexpo, die 100%ige Arbeitsmesse f\u00fcr Blech, Rohre und Profile &#8211; Smart Industrie, die Messe f\u00fcr die [&hellip;]","og_url":"https:\/\/www.velfor.com\/de\/velfor-nahm-an-der-midest-2019-in-lyon-teil\/","og_site_name":"Velfor","article_published_time":"2019-03-19T12:42:23+00:00","og_image":[{"width":700,"height":420,"url":"https:\/\/www.velfor.com\/wp-content\/uploads\/2019\/03\/2-MIDEST2019.jpg","type":"image\/jpeg"}],"author":"admin","twitter_card":"summary_large_image","twitter_misc":{"Written by":"admin","Est. reading time":"1\u00a0Minute"},"schema":{"@context":"https:\/\/schema.org","@graph":[{"@type":"Article","@id":"https:\/\/www.velfor.com\/de\/velfor-nahm-an-der-midest-2019-in-lyon-teil\/#article","isPartOf":{"@id":"https:\/\/www.velfor.com\/de\/velfor-nahm-an-der-midest-2019-in-lyon-teil\/"},"author":{"name":"admin","@id":"https:\/\/www.velfor.com\/de\/#\/schema\/person\/244d8af9b2354c701268aa65856d68be"},"headline":"Velfor nahm an der Midest 2019 in Lyon teil.","datePublished":"2019-03-19T12:42:23+00:00","mainEntityOfPage":{"@id":"https:\/\/www.velfor.com\/de\/velfor-nahm-an-der-midest-2019-in-lyon-teil\/"},"wordCount":275,"commentCount":0,"publisher":{"@id":"https:\/\/www.velfor.com\/de\/#organization"},"image":{"@id":"https:\/\/www.velfor.com\/de\/velfor-nahm-an-der-midest-2019-in-lyon-teil\/#primaryimage"},"thumbnailUrl":"https:\/\/www.velfor.com\/wp-content\/uploads\/2019\/03\/2-MIDEST2019.jpg","articleSection":["Ereignis"],"inLanguage":"de","potentialAction":[{"@type":"CommentAction","name":"Comment","target":["https:\/\/www.velfor.com\/de\/velfor-nahm-an-der-midest-2019-in-lyon-teil\/#respond"]}]},{"@type":"WebPage","@id":"https:\/\/www.velfor.com\/de\/velfor-nahm-an-der-midest-2019-in-lyon-teil\/","url":"https:\/\/www.velfor.com\/de\/velfor-nahm-an-der-midest-2019-in-lyon-teil\/","name":"Velfor nahm an der Midest 2019 in Lyon teil. - Velfor","isPartOf":{"@id":"https:\/\/www.velfor.com\/de\/#website"},"primaryImageOfPage":{"@id":"https:\/\/www.velfor.com\/de\/velfor-nahm-an-der-midest-2019-in-lyon-teil\/#primaryimage"},"image":{"@id":"https:\/\/www.velfor.com\/de\/velfor-nahm-an-der-midest-2019-in-lyon-teil\/#primaryimage"},"thumbnailUrl":"https:\/\/www.velfor.com\/wp-content\/uploads\/2019\/03\/2-MIDEST2019.jpg","datePublished":"2019-03-19T12:42:23+00:00","breadcrumb":{"@id":"https:\/\/www.velfor.com\/de\/velfor-nahm-an-der-midest-2019-in-lyon-teil\/#breadcrumb"},"inLanguage":"de","potentialAction":[{"@type":"ReadAction","target":["https:\/\/www.velfor.com\/de\/velfor-nahm-an-der-midest-2019-in-lyon-teil\/"]}]},{"@type":"ImageObject","inLanguage":"de","@id":"https:\/\/www.velfor.com\/de\/velfor-nahm-an-der-midest-2019-in-lyon-teil\/#primaryimage","url":"https:\/\/www.velfor.com\/wp-content\/uploads\/2019\/03\/2-MIDEST2019.jpg","contentUrl":"https:\/\/www.velfor.com\/wp-content\/uploads\/2019\/03\/2-MIDEST2019.jpg","width":700,"height":420},{"@type":"BreadcrumbList","@id":"https:\/\/www.velfor.com\/de\/velfor-nahm-an-der-midest-2019-in-lyon-teil\/#breadcrumb","itemListElement":[{"@type":"ListItem","position":1,"name":"Accueil","item":"https:\/\/www.velfor.com\/de\/startseite\/"},{"@type":"ListItem","position":2,"name":"Velfor nahm an der Midest 2019 in Lyon teil."}]},{"@type":"WebSite","@id":"https:\/\/www.velfor.com\/de\/#website","url":"https:\/\/www.velfor.com\/de\/","name":"Velfor","description":"Le Groupe Velfor, votre partenaire privil\u00e9gi\u00e9 pour des solutions durables et innovantes","publisher":{"@id":"https:\/\/www.velfor.com\/de\/#organization"},"potentialAction":[{"@type":"SearchAction","target":{"@type":"EntryPoint","urlTemplate":"https:\/\/www.velfor.com\/de\/?s={search_term_string}"},"query-input":{"@type":"PropertyValueSpecification","valueRequired":true,"valueName":"search_term_string"}}],"inLanguage":"de"},{"@type":"Organization","@id":"https:\/\/www.velfor.com\/de\/#organization","name":"Velfor","url":"https:\/\/www.velfor.com\/de\/","logo":{"@type":"ImageObject","inLanguage":"de","@id":"https:\/\/www.velfor.com\/de\/#\/schema\/logo\/image\/","url":"https:\/\/www.velfor.com\/wp-content\/uploads\/2024\/12\/velfor-logo.svg","contentUrl":"https:\/\/www.velfor.com\/wp-content\/uploads\/2024\/12\/velfor-logo.svg","width":210,"height":44,"caption":"Velfor"},"image":{"@id":"https:\/\/www.velfor.com\/de\/#\/schema\/logo\/image\/"}},{"@type":"Person","@id":"https:\/\/www.velfor.com\/de\/#\/schema\/person\/244d8af9b2354c701268aa65856d68be","name":"admin","image":{"@type":"ImageObject","inLanguage":"de","@id":"https:\/\/www.velfor.com\/de\/#\/schema\/person\/image\/","url":"https:\/\/secure.gravatar.com\/avatar\/b52efe74a6a713b4a3b98a7da206535d60b9d7410265cd338904e9dc7b709c00?s=96&d=mm&r=g","contentUrl":"https:\/\/secure.gravatar.com\/avatar\/b52efe74a6a713b4a3b98a7da206535d60b9d7410265cd338904e9dc7b709c00?s=96&d=mm&r=g","caption":"admin"},"sameAs":["https:\/\/www.velfor.com"],"url":"https:\/\/www.velfor.com\/de\/author\/yoannekypia-fr\/"}]}},"_links":{"self":[{"href":"https:\/\/www.velfor.com\/de\/wp-json\/wp\/v2\/posts\/5256","targetHints":{"allow":["GET"]}}],"collection":[{"href":"https:\/\/www.velfor.com\/de\/wp-json\/wp\/v2\/posts"}],"about":[{"href":"https:\/\/www.velfor.com\/de\/wp-json\/wp\/v2\/types\/post"}],"author":[{"embeddable":true,"href":"https:\/\/www.velfor.com\/de\/wp-json\/wp\/v2\/users\/1"}],"replies":[{"embeddable":true,"href":"https:\/\/www.velfor.com\/de\/wp-json\/wp\/v2\/comments?post=5256"}],"version-history":[{"count":0,"href":"https:\/\/www.velfor.com\/de\/wp-json\/wp\/v2\/posts\/5256\/revisions"}],"wp:featuredmedia":[{"embeddable":true,"href":"https:\/\/www.velfor.com\/de\/wp-json\/wp\/v2\/media\/4998"}],"wp:attachment":[{"href":"https:\/\/www.velfor.com\/de\/wp-json\/wp\/v2\/media?parent=5256"}],"wp:term":[{"taxonomy":"category","embeddable":true,"href":"https:\/\/www.velfor.com\/de\/wp-json\/wp\/v2\/categories?post=5256"},{"taxonomy":"post_tag","embeddable":true,"href":"https:\/\/www.velfor.com\/de\/wp-json\/wp\/v2\/tags?post=5256"}],"curies":[{"name":"wp","href":"https:\/\/api.w.org\/{rel}","templated":true}]}}