{"id":5257,"date":"2019-03-07T09:22:42","date_gmt":"2019-03-07T08:22:42","guid":{"rendered":"https:\/\/www.velfor.com\/rueckblick-auf-die-pharmapack-2019\/"},"modified":"2019-03-07T09:22:42","modified_gmt":"2019-03-07T08:22:42","slug":"rueckblick-auf-die-pharmapack-2019","status":"publish","type":"post","link":"https:\/\/www.velfor.com\/de\/rueckblick-auf-die-pharmapack-2019\/","title":{"rendered":"R\u00fcckblick auf die Pharmapack 2019"},"content":{"rendered":"<p>Die Velfor-Gruppe nahm am 6. und 7. Februar an der Pharmapack 2019 in Paris teil. Diese Messe ist eine Referenz im Gesundheitsbereich. Denn sie ist ganz der Verpackungsinnovation f\u00fcr die Pharmaindustrie und den Systemen zur Verabreichung von Medikamenten gewidmet. Die Ausgabe 2019 umfasste fast 400 Aussteller und 5300 Besucher aus \u00fcber 100 L\u00e4ndern.   <\/p>\n<p>F\u00fcr die Velfor-Gruppe war diese Messe eine Gelegenheit, ihr Know-how im pharmazeutischen und medizinischen Bereich zu pr\u00e4sentieren. Wir haben Ihnen unsere Produktneuheiten<a href=\"http:\/\/www.velfor.com\/fr\/sante\/gamme-standard\/\">(Trays<\/a>,<a href=\"http:\/\/www.velfor.com\/fr\/sante\/gamme-standard\/\"> Blister<\/a>,<a href=\"http:\/\/www.velfor.com\/fr\/sante\/sur-mesure\/\"> Beutel<\/a>&#8230;) vorgestellt. Dar\u00fcber hinaus markiert diese Messe die St\u00e4rkung unserer neuen Strategie, die auf den Ausbau der Produktion in Reinr\u00e4umen nach ISO 7 und ISO 8 ausgerichtet ist.  <\/p>\n<p>Wir freuen uns darauf, Sie vom 18. bis 21. November 2019 auf der <a href=\"https:\/\/www.compamed-tradefair.com\/\" target=\"_blank\" rel=\"noopener\">Medica Compamed <\/a>in D\u00fcsseldorf begr\u00fc\u00dfen zu d\u00fcrfen. Danach besuchen Sie uns vom 5. bis 6. Februar 2020 auf der <a href=\"https:\/\/www.pharmapackeurope.com\/fr\" target=\"_blank\" rel=\"noopener\">n\u00e4chsten Pharmapack<\/a> (Stand Nr. A62). <\/p>\n<p>Ein R\u00fcckblick auf die Pharmapack Paris 2019 in Bildern:<\/p>\n<p>[soliloquy id=&#8220;965&#8243;]<\/p>\n<p>&nbsp;<\/p>\n<p>&nbsp;<\/p>\n<p>&nbsp;<\/p>\n<p>&nbsp;<\/p>\n<p>&nbsp;<\/p>\n","protected":false},"excerpt":{"rendered":"<p>Die Velfor-Gruppe nahm am 6. und 7. Februar an der Pharmapack 2019 in Paris teil. Diese Messe ist eine Referenz im Gesundheitsbereich. Denn sie ist ganz der Verpackungsinnovation f\u00fcr die Pharmaindustrie und den Systemen zur Verabreichung von Medikamenten gewidmet. Die Ausgabe 2019 umfasste fast 400 Aussteller und 5300 Besucher aus \u00fcber 100 L\u00e4ndern. F\u00fcr die [&hellip;]<\/p>\n","protected":false},"author":1,"featured_media":5000,"comment_status":"open","ping_status":"open","sticky":false,"template":"","format":"standard","meta":{"_acf_changed":false,"footnotes":""},"categories":[37],"tags":[],"class_list":["post-5257","post","type-post","status-publish","format-standard","has-post-thumbnail","hentry","category-ereignis"],"acf":[],"yoast_head":"<!-- This site is optimized with the Yoast SEO Premium plugin v25.2 (Yoast SEO v25.2) - https:\/\/yoast.com\/wordpress\/plugins\/seo\/ -->\n<title>R\u00fcckblick auf die Pharmapack 2019 - Velfor<\/title>\n<meta name=\"robots\" content=\"index, follow, max-snippet:-1, max-image-preview:large, max-video-preview:-1\" \/>\n<link rel=\"canonical\" href=\"https:\/\/www.velfor.com\/de\/rueckblick-auf-die-pharmapack-2019\/\" \/>\n<meta property=\"og:locale\" content=\"de_DE\" \/>\n<meta property=\"og:type\" content=\"article\" \/>\n<meta property=\"og:title\" content=\"R\u00fcckblick auf die Pharmapack 2019\" \/>\n<meta property=\"og:description\" content=\"Die Velfor-Gruppe nahm am 6. und 7. Februar an der Pharmapack 2019 in Paris teil. Diese Messe ist eine Referenz im Gesundheitsbereich. Denn sie ist ganz der Verpackungsinnovation f\u00fcr die Pharmaindustrie und den Systemen zur Verabreichung von Medikamenten gewidmet. Die Ausgabe 2019 umfasste fast 400 Aussteller und 5300 Besucher aus \u00fcber 100 L\u00e4ndern. F\u00fcr die [&hellip;]\" \/>\n<meta property=\"og:url\" content=\"https:\/\/www.velfor.com\/de\/rueckblick-auf-die-pharmapack-2019\/\" \/>\n<meta property=\"og:site_name\" content=\"Velfor\" \/>\n<meta property=\"article:published_time\" content=\"2019-03-07T08:22:42+00:00\" \/>\n<meta property=\"og:image\" content=\"https:\/\/www.velfor.com\/wp-content\/uploads\/2019\/03\/IMG-20240124-WA0001.jpg\" \/>\n\t<meta property=\"og:image:width\" content=\"2000\" \/>\n\t<meta property=\"og:image:height\" content=\"1500\" \/>\n\t<meta property=\"og:image:type\" content=\"image\/jpeg\" \/>\n<meta name=\"author\" content=\"admin\" \/>\n<meta name=\"twitter:card\" content=\"summary_large_image\" \/>\n<meta name=\"twitter:label1\" content=\"Written by\" \/>\n\t<meta name=\"twitter:data1\" content=\"admin\" \/>\n\t<meta name=\"twitter:label2\" content=\"Est. reading time\" \/>\n\t<meta name=\"twitter:data2\" content=\"1\u00a0Minute\" \/>\n<script type=\"application\/ld+json\" class=\"yoast-schema-graph\">{\"@context\":\"https:\/\/schema.org\",\"@graph\":[{\"@type\":\"Article\",\"@id\":\"https:\/\/www.velfor.com\/de\/rueckblick-auf-die-pharmapack-2019\/#article\",\"isPartOf\":{\"@id\":\"https:\/\/www.velfor.com\/de\/rueckblick-auf-die-pharmapack-2019\/\"},\"author\":{\"name\":\"admin\",\"@id\":\"https:\/\/www.velfor.com\/de\/#\/schema\/person\/244d8af9b2354c701268aa65856d68be\"},\"headline\":\"R\u00fcckblick auf die Pharmapack 2019\",\"datePublished\":\"2019-03-07T08:22:42+00:00\",\"mainEntityOfPage\":{\"@id\":\"https:\/\/www.velfor.com\/de\/rueckblick-auf-die-pharmapack-2019\/\"},\"wordCount\":159,\"commentCount\":0,\"publisher\":{\"@id\":\"https:\/\/www.velfor.com\/de\/#organization\"},\"image\":{\"@id\":\"https:\/\/www.velfor.com\/de\/rueckblick-auf-die-pharmapack-2019\/#primaryimage\"},\"thumbnailUrl\":\"https:\/\/www.velfor.com\/wp-content\/uploads\/2019\/03\/IMG-20240124-WA0001.jpg\",\"articleSection\":[\"Ereignis\"],\"inLanguage\":\"de\",\"potentialAction\":[{\"@type\":\"CommentAction\",\"name\":\"Comment\",\"target\":[\"https:\/\/www.velfor.com\/de\/rueckblick-auf-die-pharmapack-2019\/#respond\"]}]},{\"@type\":\"WebPage\",\"@id\":\"https:\/\/www.velfor.com\/de\/rueckblick-auf-die-pharmapack-2019\/\",\"url\":\"https:\/\/www.velfor.com\/de\/rueckblick-auf-die-pharmapack-2019\/\",\"name\":\"R\u00fcckblick auf die Pharmapack 2019 - Velfor\",\"isPartOf\":{\"@id\":\"https:\/\/www.velfor.com\/de\/#website\"},\"primaryImageOfPage\":{\"@id\":\"https:\/\/www.velfor.com\/de\/rueckblick-auf-die-pharmapack-2019\/#primaryimage\"},\"image\":{\"@id\":\"https:\/\/www.velfor.com\/de\/rueckblick-auf-die-pharmapack-2019\/#primaryimage\"},\"thumbnailUrl\":\"https:\/\/www.velfor.com\/wp-content\/uploads\/2019\/03\/IMG-20240124-WA0001.jpg\",\"datePublished\":\"2019-03-07T08:22:42+00:00\",\"breadcrumb\":{\"@id\":\"https:\/\/www.velfor.com\/de\/rueckblick-auf-die-pharmapack-2019\/#breadcrumb\"},\"inLanguage\":\"de\",\"potentialAction\":[{\"@type\":\"ReadAction\",\"target\":[\"https:\/\/www.velfor.com\/de\/rueckblick-auf-die-pharmapack-2019\/\"]}]},{\"@type\":\"ImageObject\",\"inLanguage\":\"de\",\"@id\":\"https:\/\/www.velfor.com\/de\/rueckblick-auf-die-pharmapack-2019\/#primaryimage\",\"url\":\"https:\/\/www.velfor.com\/wp-content\/uploads\/2019\/03\/IMG-20240124-WA0001.jpg\",\"contentUrl\":\"https:\/\/www.velfor.com\/wp-content\/uploads\/2019\/03\/IMG-20240124-WA0001.jpg\",\"width\":2000,\"height\":1500},{\"@type\":\"BreadcrumbList\",\"@id\":\"https:\/\/www.velfor.com\/de\/rueckblick-auf-die-pharmapack-2019\/#breadcrumb\",\"itemListElement\":[{\"@type\":\"ListItem\",\"position\":1,\"name\":\"Accueil\",\"item\":\"https:\/\/www.velfor.com\/de\/startseite\/\"},{\"@type\":\"ListItem\",\"position\":2,\"name\":\"R\u00fcckblick auf die Pharmapack 2019\"}]},{\"@type\":\"WebSite\",\"@id\":\"https:\/\/www.velfor.com\/de\/#website\",\"url\":\"https:\/\/www.velfor.com\/de\/\",\"name\":\"Velfor\",\"description\":\"Le Groupe Velfor, votre partenaire privil\u00e9gi\u00e9 pour des solutions durables et innovantes\",\"publisher\":{\"@id\":\"https:\/\/www.velfor.com\/de\/#organization\"},\"potentialAction\":[{\"@type\":\"SearchAction\",\"target\":{\"@type\":\"EntryPoint\",\"urlTemplate\":\"https:\/\/www.velfor.com\/de\/?s={search_term_string}\"},\"query-input\":{\"@type\":\"PropertyValueSpecification\",\"valueRequired\":true,\"valueName\":\"search_term_string\"}}],\"inLanguage\":\"de\"},{\"@type\":\"Organization\",\"@id\":\"https:\/\/www.velfor.com\/de\/#organization\",\"name\":\"Velfor\",\"url\":\"https:\/\/www.velfor.com\/de\/\",\"logo\":{\"@type\":\"ImageObject\",\"inLanguage\":\"de\",\"@id\":\"https:\/\/www.velfor.com\/de\/#\/schema\/logo\/image\/\",\"url\":\"https:\/\/www.velfor.com\/wp-content\/uploads\/2024\/12\/velfor-logo.svg\",\"contentUrl\":\"https:\/\/www.velfor.com\/wp-content\/uploads\/2024\/12\/velfor-logo.svg\",\"width\":210,\"height\":44,\"caption\":\"Velfor\"},\"image\":{\"@id\":\"https:\/\/www.velfor.com\/de\/#\/schema\/logo\/image\/\"}},{\"@type\":\"Person\",\"@id\":\"https:\/\/www.velfor.com\/de\/#\/schema\/person\/244d8af9b2354c701268aa65856d68be\",\"name\":\"admin\",\"image\":{\"@type\":\"ImageObject\",\"inLanguage\":\"de\",\"@id\":\"https:\/\/www.velfor.com\/de\/#\/schema\/person\/image\/\",\"url\":\"https:\/\/secure.gravatar.com\/avatar\/b52efe74a6a713b4a3b98a7da206535d60b9d7410265cd338904e9dc7b709c00?s=96&d=mm&r=g\",\"contentUrl\":\"https:\/\/secure.gravatar.com\/avatar\/b52efe74a6a713b4a3b98a7da206535d60b9d7410265cd338904e9dc7b709c00?s=96&d=mm&r=g\",\"caption\":\"admin\"},\"sameAs\":[\"https:\/\/www.velfor.com\"],\"url\":\"https:\/\/www.velfor.com\/de\/author\/yoannekypia-fr\/\"}]}<\/script>\n<!-- \/ Yoast SEO Premium plugin. -->","yoast_head_json":{"title":"R\u00fcckblick auf die Pharmapack 2019 - Velfor","robots":{"index":"index","follow":"follow","max-snippet":"max-snippet:-1","max-image-preview":"max-image-preview:large","max-video-preview":"max-video-preview:-1"},"canonical":"https:\/\/www.velfor.com\/de\/rueckblick-auf-die-pharmapack-2019\/","og_locale":"de_DE","og_type":"article","og_title":"R\u00fcckblick auf die Pharmapack 2019","og_description":"Die Velfor-Gruppe nahm am 6. und 7. Februar an der Pharmapack 2019 in Paris teil. Diese Messe ist eine Referenz im Gesundheitsbereich. Denn sie ist ganz der Verpackungsinnovation f\u00fcr die Pharmaindustrie und den Systemen zur Verabreichung von Medikamenten gewidmet. Die Ausgabe 2019 umfasste fast 400 Aussteller und 5300 Besucher aus \u00fcber 100 L\u00e4ndern. F\u00fcr die [&hellip;]","og_url":"https:\/\/www.velfor.com\/de\/rueckblick-auf-die-pharmapack-2019\/","og_site_name":"Velfor","article_published_time":"2019-03-07T08:22:42+00:00","og_image":[{"width":2000,"height":1500,"url":"https:\/\/www.velfor.com\/wp-content\/uploads\/2019\/03\/IMG-20240124-WA0001.jpg","type":"image\/jpeg"}],"author":"admin","twitter_card":"summary_large_image","twitter_misc":{"Written by":"admin","Est. reading time":"1\u00a0Minute"},"schema":{"@context":"https:\/\/schema.org","@graph":[{"@type":"Article","@id":"https:\/\/www.velfor.com\/de\/rueckblick-auf-die-pharmapack-2019\/#article","isPartOf":{"@id":"https:\/\/www.velfor.com\/de\/rueckblick-auf-die-pharmapack-2019\/"},"author":{"name":"admin","@id":"https:\/\/www.velfor.com\/de\/#\/schema\/person\/244d8af9b2354c701268aa65856d68be"},"headline":"R\u00fcckblick auf die Pharmapack 2019","datePublished":"2019-03-07T08:22:42+00:00","mainEntityOfPage":{"@id":"https:\/\/www.velfor.com\/de\/rueckblick-auf-die-pharmapack-2019\/"},"wordCount":159,"commentCount":0,"publisher":{"@id":"https:\/\/www.velfor.com\/de\/#organization"},"image":{"@id":"https:\/\/www.velfor.com\/de\/rueckblick-auf-die-pharmapack-2019\/#primaryimage"},"thumbnailUrl":"https:\/\/www.velfor.com\/wp-content\/uploads\/2019\/03\/IMG-20240124-WA0001.jpg","articleSection":["Ereignis"],"inLanguage":"de","potentialAction":[{"@type":"CommentAction","name":"Comment","target":["https:\/\/www.velfor.com\/de\/rueckblick-auf-die-pharmapack-2019\/#respond"]}]},{"@type":"WebPage","@id":"https:\/\/www.velfor.com\/de\/rueckblick-auf-die-pharmapack-2019\/","url":"https:\/\/www.velfor.com\/de\/rueckblick-auf-die-pharmapack-2019\/","name":"R\u00fcckblick auf die Pharmapack 2019 - Velfor","isPartOf":{"@id":"https:\/\/www.velfor.com\/de\/#website"},"primaryImageOfPage":{"@id":"https:\/\/www.velfor.com\/de\/rueckblick-auf-die-pharmapack-2019\/#primaryimage"},"image":{"@id":"https:\/\/www.velfor.com\/de\/rueckblick-auf-die-pharmapack-2019\/#primaryimage"},"thumbnailUrl":"https:\/\/www.velfor.com\/wp-content\/uploads\/2019\/03\/IMG-20240124-WA0001.jpg","datePublished":"2019-03-07T08:22:42+00:00","breadcrumb":{"@id":"https:\/\/www.velfor.com\/de\/rueckblick-auf-die-pharmapack-2019\/#breadcrumb"},"inLanguage":"de","potentialAction":[{"@type":"ReadAction","target":["https:\/\/www.velfor.com\/de\/rueckblick-auf-die-pharmapack-2019\/"]}]},{"@type":"ImageObject","inLanguage":"de","@id":"https:\/\/www.velfor.com\/de\/rueckblick-auf-die-pharmapack-2019\/#primaryimage","url":"https:\/\/www.velfor.com\/wp-content\/uploads\/2019\/03\/IMG-20240124-WA0001.jpg","contentUrl":"https:\/\/www.velfor.com\/wp-content\/uploads\/2019\/03\/IMG-20240124-WA0001.jpg","width":2000,"height":1500},{"@type":"BreadcrumbList","@id":"https:\/\/www.velfor.com\/de\/rueckblick-auf-die-pharmapack-2019\/#breadcrumb","itemListElement":[{"@type":"ListItem","position":1,"name":"Accueil","item":"https:\/\/www.velfor.com\/de\/startseite\/"},{"@type":"ListItem","position":2,"name":"R\u00fcckblick auf die Pharmapack 2019"}]},{"@type":"WebSite","@id":"https:\/\/www.velfor.com\/de\/#website","url":"https:\/\/www.velfor.com\/de\/","name":"Velfor","description":"Le Groupe Velfor, votre partenaire privil\u00e9gi\u00e9 pour des solutions durables et innovantes","publisher":{"@id":"https:\/\/www.velfor.com\/de\/#organization"},"potentialAction":[{"@type":"SearchAction","target":{"@type":"EntryPoint","urlTemplate":"https:\/\/www.velfor.com\/de\/?s={search_term_string}"},"query-input":{"@type":"PropertyValueSpecification","valueRequired":true,"valueName":"search_term_string"}}],"inLanguage":"de"},{"@type":"Organization","@id":"https:\/\/www.velfor.com\/de\/#organization","name":"Velfor","url":"https:\/\/www.velfor.com\/de\/","logo":{"@type":"ImageObject","inLanguage":"de","@id":"https:\/\/www.velfor.com\/de\/#\/schema\/logo\/image\/","url":"https:\/\/www.velfor.com\/wp-content\/uploads\/2024\/12\/velfor-logo.svg","contentUrl":"https:\/\/www.velfor.com\/wp-content\/uploads\/2024\/12\/velfor-logo.svg","width":210,"height":44,"caption":"Velfor"},"image":{"@id":"https:\/\/www.velfor.com\/de\/#\/schema\/logo\/image\/"}},{"@type":"Person","@id":"https:\/\/www.velfor.com\/de\/#\/schema\/person\/244d8af9b2354c701268aa65856d68be","name":"admin","image":{"@type":"ImageObject","inLanguage":"de","@id":"https:\/\/www.velfor.com\/de\/#\/schema\/person\/image\/","url":"https:\/\/secure.gravatar.com\/avatar\/b52efe74a6a713b4a3b98a7da206535d60b9d7410265cd338904e9dc7b709c00?s=96&d=mm&r=g","contentUrl":"https:\/\/secure.gravatar.com\/avatar\/b52efe74a6a713b4a3b98a7da206535d60b9d7410265cd338904e9dc7b709c00?s=96&d=mm&r=g","caption":"admin"},"sameAs":["https:\/\/www.velfor.com"],"url":"https:\/\/www.velfor.com\/de\/author\/yoannekypia-fr\/"}]}},"_links":{"self":[{"href":"https:\/\/www.velfor.com\/de\/wp-json\/wp\/v2\/posts\/5257","targetHints":{"allow":["GET"]}}],"collection":[{"href":"https:\/\/www.velfor.com\/de\/wp-json\/wp\/v2\/posts"}],"about":[{"href":"https:\/\/www.velfor.com\/de\/wp-json\/wp\/v2\/types\/post"}],"author":[{"embeddable":true,"href":"https:\/\/www.velfor.com\/de\/wp-json\/wp\/v2\/users\/1"}],"replies":[{"embeddable":true,"href":"https:\/\/www.velfor.com\/de\/wp-json\/wp\/v2\/comments?post=5257"}],"version-history":[{"count":0,"href":"https:\/\/www.velfor.com\/de\/wp-json\/wp\/v2\/posts\/5257\/revisions"}],"wp:featuredmedia":[{"embeddable":true,"href":"https:\/\/www.velfor.com\/de\/wp-json\/wp\/v2\/media\/5000"}],"wp:attachment":[{"href":"https:\/\/www.velfor.com\/de\/wp-json\/wp\/v2\/media?parent=5257"}],"wp:term":[{"taxonomy":"category","embeddable":true,"href":"https:\/\/www.velfor.com\/de\/wp-json\/wp\/v2\/categories?post=5257"},{"taxonomy":"post_tag","embeddable":true,"href":"https:\/\/www.velfor.com\/de\/wp-json\/wp\/v2\/tags?post=5257"}],"curies":[{"name":"wp","href":"https:\/\/api.w.org\/{rel}","templated":true}]}}