{"id":5258,"date":"2019-02-04T09:49:22","date_gmt":"2019-02-04T08:49:22","guid":{"rendered":"https:\/\/www.velfor.com\/velfor-nimmt-vom-5-bis-8-maerz-2019-an-der-midest-in-lyon-teil\/"},"modified":"2019-02-04T09:49:22","modified_gmt":"2019-02-04T08:49:22","slug":"velfor-nimmt-vom-5-bis-8-maerz-2019-an-der-midest-in-lyon-teil","status":"publish","type":"post","link":"https:\/\/www.velfor.com\/de\/velfor-nimmt-vom-5-bis-8-maerz-2019-an-der-midest-in-lyon-teil\/","title":{"rendered":"Velfor nimmt vom 5. bis 8. M\u00e4rz 2019 an der MIDEST in Lyon teil."},"content":{"rendered":"<p>Die Velfor-Gruppe ist bestrebt, den Markt f\u00fcr Industrie- und Aspektteile zu entwickeln. In dieser Entwicklungsperspektive nimmt die Gruppe zum ersten Mal an der <a href=\"https:\/\/www.midest.com\/fr\">MIDEST-Messe<\/a> in Lyon vom 5. bis 8. M\u00e4rz 2019 teil. Wir werden am Stand 5E113 im Kollektiv der IHK der Region Auvergne Rh\u00f4ne Alpes vertreten sein, einer Region, in der wir stark verwurzelt sind.  <\/p>\n<p>Diese Messe wird uns die M\u00f6glichkeit geben, sowohl unsere Ausstellungsst\u00fccke als auch unser neues Know-how zu pr\u00e4sentieren.<\/p>\n<p>Unsere Industrieanlagen erm\u00f6glichen es uns, die Bed\u00fcrfnisse unserer Kunden zu erf\u00fcllen. Wir sind in der Lage, Teile bis zu einer Dicke von 1400 x 2400 x 10 mm auf Spulen oder Platten zu thermoformen. Wir sind auch in der Lage, Unterbaugruppen zu entwickeln, die starre und flexible Teile miteinander verbinden (durch Hochfrequenzschwei\u00dfen). Damit k\u00f6nnen wir den Bed\u00fcrfnissen der <a href=\"http:\/\/www.velfor.com\/fr\/transport\/solutions-rigides\/\">Automobilindustrie<\/a>, <a href=\"http:\/\/www.velfor.com\/fr\/biens-dequipement\/\">der Klimatechnik, des Bauwesens, der Elektronik, der Robotik und des Material<\/a>transports gerecht werden. Drei Tochtergesellschaften, Velfor Industrie, Creaplast und Lider, sind vollst\u00e4ndig auf diese Sektoren ausgerichtet.    <\/p>\n<p>Dar\u00fcber hinaus bietet Velfor Industrie jetzt auch gro\u00dfformatige thermogeformte Teile an, die funktioneller und komplexer sind. Diese neue Technologie bietet einen echten Mehrwert f\u00fcr die Verwendung des Teils. Sie bietet u.a. eine bessere Greifbarkeit, Designformen und\/oder rundere Formen&#8230;  <\/p>\n<p>Besuchen Sie uns auf der MIDEST vom 05. bis 08. M\u00e4rz an unserem Stand 5 E113. Dort werden Sie unsere neuesten Entwicklungen in den Bereichen Industrieteile, Transport und Investitionsg\u00fcter sehen. <\/p>\n<p>Um mehr zu erfahren oder uns zu treffen, kontaktieren Sie uns bitte <a href=\"http:\/\/www.velfor.com\/fr\/contacts\/\">hier<\/a>.<\/p>\n<p>&nbsp;<\/p>\n<p><img fetchpriority=\"high\" decoding=\"async\" class=\"wp-image-948 size-full aligncenter\" src=\"http:\/\/www.velfor.com\/wp-content\/uploads\/2019\/01\/global-industrie-2019-e1548343042567.jpg\" alt=\"Globale Industrie 2019\" width=\"600\" height=\"211\"><\/p>\n<p>&nbsp;<\/p>\n<p>&nbsp;<\/p>\n<p>&nbsp;<\/p>\n<p>&nbsp;<\/p>\n","protected":false},"excerpt":{"rendered":"<p>Die Velfor-Gruppe ist bestrebt, den Markt f\u00fcr Industrie- und Aspektteile zu entwickeln. In dieser Entwicklungsperspektive nimmt die Gruppe zum ersten Mal an der MIDEST-Messe in Lyon vom 5. bis 8. M\u00e4rz 2019 teil. Wir werden am Stand 5E113 im Kollektiv der IHK der Region Auvergne Rh\u00f4ne Alpes vertreten sein, einer Region, in der wir stark [&hellip;]<\/p>\n","protected":false},"author":1,"featured_media":5004,"comment_status":"open","ping_status":"open","sticky":false,"template":"","format":"standard","meta":{"_acf_changed":false,"footnotes":""},"categories":[37],"tags":[],"class_list":["post-5258","post","type-post","status-publish","format-standard","has-post-thumbnail","hentry","category-ereignis"],"acf":[],"yoast_head":"<!-- This site is optimized with the Yoast SEO Premium plugin v25.2 (Yoast SEO v25.2) - https:\/\/yoast.com\/wordpress\/plugins\/seo\/ -->\n<title>Velfor nimmt vom 5. bis 8. M\u00e4rz 2019 an der MIDEST in Lyon teil. - Velfor<\/title>\n<meta name=\"robots\" content=\"index, follow, max-snippet:-1, max-image-preview:large, max-video-preview:-1\" \/>\n<link rel=\"canonical\" href=\"https:\/\/www.velfor.com\/de\/velfor-nimmt-vom-5-bis-8-maerz-2019-an-der-midest-in-lyon-teil\/\" \/>\n<meta property=\"og:locale\" content=\"de_DE\" \/>\n<meta property=\"og:type\" content=\"article\" \/>\n<meta property=\"og:title\" content=\"Velfor nimmt vom 5. bis 8. M\u00e4rz 2019 an der MIDEST in Lyon teil.\" \/>\n<meta property=\"og:description\" content=\"Die Velfor-Gruppe ist bestrebt, den Markt f\u00fcr Industrie- und Aspektteile zu entwickeln. In dieser Entwicklungsperspektive nimmt die Gruppe zum ersten Mal an der MIDEST-Messe in Lyon vom 5. bis 8. M\u00e4rz 2019 teil. Wir werden am Stand 5E113 im Kollektiv der IHK der Region Auvergne Rh\u00f4ne Alpes vertreten sein, einer Region, in der wir stark [&hellip;]\" \/>\n<meta property=\"og:url\" content=\"https:\/\/www.velfor.com\/de\/velfor-nimmt-vom-5-bis-8-maerz-2019-an-der-midest-in-lyon-teil\/\" \/>\n<meta property=\"og:site_name\" content=\"Velfor\" \/>\n<meta property=\"article:published_time\" content=\"2019-02-04T08:49:22+00:00\" \/>\n<meta property=\"og:image\" content=\"https:\/\/www.velfor.com\/wp-content\/uploads\/2019\/02\/1-MIDEST-2019.jpg\" \/>\n\t<meta property=\"og:image:width\" content=\"700\" \/>\n\t<meta property=\"og:image:height\" content=\"420\" \/>\n\t<meta property=\"og:image:type\" content=\"image\/jpeg\" \/>\n<meta name=\"author\" content=\"admin\" \/>\n<meta name=\"twitter:card\" content=\"summary_large_image\" \/>\n<meta name=\"twitter:label1\" content=\"Written by\" \/>\n\t<meta name=\"twitter:data1\" content=\"admin\" \/>\n\t<meta name=\"twitter:label2\" content=\"Est. reading time\" \/>\n\t<meta name=\"twitter:data2\" content=\"1\u00a0Minute\" \/>\n<script type=\"application\/ld+json\" class=\"yoast-schema-graph\">{\"@context\":\"https:\/\/schema.org\",\"@graph\":[{\"@type\":\"Article\",\"@id\":\"https:\/\/www.velfor.com\/de\/velfor-nimmt-vom-5-bis-8-maerz-2019-an-der-midest-in-lyon-teil\/#article\",\"isPartOf\":{\"@id\":\"https:\/\/www.velfor.com\/de\/velfor-nimmt-vom-5-bis-8-maerz-2019-an-der-midest-in-lyon-teil\/\"},\"author\":{\"name\":\"admin\",\"@id\":\"https:\/\/www.velfor.com\/de\/#\/schema\/person\/244d8af9b2354c701268aa65856d68be\"},\"headline\":\"Velfor nimmt vom 5. bis 8. M\u00e4rz 2019 an der MIDEST in Lyon teil.\",\"datePublished\":\"2019-02-04T08:49:22+00:00\",\"mainEntityOfPage\":{\"@id\":\"https:\/\/www.velfor.com\/de\/velfor-nimmt-vom-5-bis-8-maerz-2019-an-der-midest-in-lyon-teil\/\"},\"wordCount\":268,\"commentCount\":0,\"publisher\":{\"@id\":\"https:\/\/www.velfor.com\/de\/#organization\"},\"image\":{\"@id\":\"https:\/\/www.velfor.com\/de\/velfor-nimmt-vom-5-bis-8-maerz-2019-an-der-midest-in-lyon-teil\/#primaryimage\"},\"thumbnailUrl\":\"https:\/\/www.velfor.com\/wp-content\/uploads\/2019\/02\/1-MIDEST-2019.jpg\",\"articleSection\":[\"Ereignis\"],\"inLanguage\":\"de\",\"potentialAction\":[{\"@type\":\"CommentAction\",\"name\":\"Comment\",\"target\":[\"https:\/\/www.velfor.com\/de\/velfor-nimmt-vom-5-bis-8-maerz-2019-an-der-midest-in-lyon-teil\/#respond\"]}]},{\"@type\":\"WebPage\",\"@id\":\"https:\/\/www.velfor.com\/de\/velfor-nimmt-vom-5-bis-8-maerz-2019-an-der-midest-in-lyon-teil\/\",\"url\":\"https:\/\/www.velfor.com\/de\/velfor-nimmt-vom-5-bis-8-maerz-2019-an-der-midest-in-lyon-teil\/\",\"name\":\"Velfor nimmt vom 5. bis 8. M\u00e4rz 2019 an der MIDEST in Lyon teil. - Velfor\",\"isPartOf\":{\"@id\":\"https:\/\/www.velfor.com\/de\/#website\"},\"primaryImageOfPage\":{\"@id\":\"https:\/\/www.velfor.com\/de\/velfor-nimmt-vom-5-bis-8-maerz-2019-an-der-midest-in-lyon-teil\/#primaryimage\"},\"image\":{\"@id\":\"https:\/\/www.velfor.com\/de\/velfor-nimmt-vom-5-bis-8-maerz-2019-an-der-midest-in-lyon-teil\/#primaryimage\"},\"thumbnailUrl\":\"https:\/\/www.velfor.com\/wp-content\/uploads\/2019\/02\/1-MIDEST-2019.jpg\",\"datePublished\":\"2019-02-04T08:49:22+00:00\",\"breadcrumb\":{\"@id\":\"https:\/\/www.velfor.com\/de\/velfor-nimmt-vom-5-bis-8-maerz-2019-an-der-midest-in-lyon-teil\/#breadcrumb\"},\"inLanguage\":\"de\",\"potentialAction\":[{\"@type\":\"ReadAction\",\"target\":[\"https:\/\/www.velfor.com\/de\/velfor-nimmt-vom-5-bis-8-maerz-2019-an-der-midest-in-lyon-teil\/\"]}]},{\"@type\":\"ImageObject\",\"inLanguage\":\"de\",\"@id\":\"https:\/\/www.velfor.com\/de\/velfor-nimmt-vom-5-bis-8-maerz-2019-an-der-midest-in-lyon-teil\/#primaryimage\",\"url\":\"https:\/\/www.velfor.com\/wp-content\/uploads\/2019\/02\/1-MIDEST-2019.jpg\",\"contentUrl\":\"https:\/\/www.velfor.com\/wp-content\/uploads\/2019\/02\/1-MIDEST-2019.jpg\",\"width\":700,\"height\":420},{\"@type\":\"BreadcrumbList\",\"@id\":\"https:\/\/www.velfor.com\/de\/velfor-nimmt-vom-5-bis-8-maerz-2019-an-der-midest-in-lyon-teil\/#breadcrumb\",\"itemListElement\":[{\"@type\":\"ListItem\",\"position\":1,\"name\":\"Accueil\",\"item\":\"https:\/\/www.velfor.com\/de\/startseite\/\"},{\"@type\":\"ListItem\",\"position\":2,\"name\":\"Velfor nimmt vom 5. bis 8. M\u00e4rz 2019 an der MIDEST in Lyon teil.\"}]},{\"@type\":\"WebSite\",\"@id\":\"https:\/\/www.velfor.com\/de\/#website\",\"url\":\"https:\/\/www.velfor.com\/de\/\",\"name\":\"Velfor\",\"description\":\"Le Groupe Velfor, votre partenaire privil\u00e9gi\u00e9 pour des solutions durables et innovantes\",\"publisher\":{\"@id\":\"https:\/\/www.velfor.com\/de\/#organization\"},\"potentialAction\":[{\"@type\":\"SearchAction\",\"target\":{\"@type\":\"EntryPoint\",\"urlTemplate\":\"https:\/\/www.velfor.com\/de\/?s={search_term_string}\"},\"query-input\":{\"@type\":\"PropertyValueSpecification\",\"valueRequired\":true,\"valueName\":\"search_term_string\"}}],\"inLanguage\":\"de\"},{\"@type\":\"Organization\",\"@id\":\"https:\/\/www.velfor.com\/de\/#organization\",\"name\":\"Velfor\",\"url\":\"https:\/\/www.velfor.com\/de\/\",\"logo\":{\"@type\":\"ImageObject\",\"inLanguage\":\"de\",\"@id\":\"https:\/\/www.velfor.com\/de\/#\/schema\/logo\/image\/\",\"url\":\"https:\/\/www.velfor.com\/wp-content\/uploads\/2024\/12\/velfor-logo.svg\",\"contentUrl\":\"https:\/\/www.velfor.com\/wp-content\/uploads\/2024\/12\/velfor-logo.svg\",\"width\":210,\"height\":44,\"caption\":\"Velfor\"},\"image\":{\"@id\":\"https:\/\/www.velfor.com\/de\/#\/schema\/logo\/image\/\"}},{\"@type\":\"Person\",\"@id\":\"https:\/\/www.velfor.com\/de\/#\/schema\/person\/244d8af9b2354c701268aa65856d68be\",\"name\":\"admin\",\"image\":{\"@type\":\"ImageObject\",\"inLanguage\":\"de\",\"@id\":\"https:\/\/www.velfor.com\/de\/#\/schema\/person\/image\/\",\"url\":\"https:\/\/secure.gravatar.com\/avatar\/b52efe74a6a713b4a3b98a7da206535d60b9d7410265cd338904e9dc7b709c00?s=96&d=mm&r=g\",\"contentUrl\":\"https:\/\/secure.gravatar.com\/avatar\/b52efe74a6a713b4a3b98a7da206535d60b9d7410265cd338904e9dc7b709c00?s=96&d=mm&r=g\",\"caption\":\"admin\"},\"sameAs\":[\"https:\/\/www.velfor.com\"],\"url\":\"https:\/\/www.velfor.com\/de\/author\/yoannekypia-fr\/\"}]}<\/script>\n<!-- \/ Yoast SEO Premium plugin. -->","yoast_head_json":{"title":"Velfor nimmt vom 5. bis 8. M\u00e4rz 2019 an der MIDEST in Lyon teil. - Velfor","robots":{"index":"index","follow":"follow","max-snippet":"max-snippet:-1","max-image-preview":"max-image-preview:large","max-video-preview":"max-video-preview:-1"},"canonical":"https:\/\/www.velfor.com\/de\/velfor-nimmt-vom-5-bis-8-maerz-2019-an-der-midest-in-lyon-teil\/","og_locale":"de_DE","og_type":"article","og_title":"Velfor nimmt vom 5. bis 8. M\u00e4rz 2019 an der MIDEST in Lyon teil.","og_description":"Die Velfor-Gruppe ist bestrebt, den Markt f\u00fcr Industrie- und Aspektteile zu entwickeln. In dieser Entwicklungsperspektive nimmt die Gruppe zum ersten Mal an der MIDEST-Messe in Lyon vom 5. bis 8. M\u00e4rz 2019 teil. Wir werden am Stand 5E113 im Kollektiv der IHK der Region Auvergne Rh\u00f4ne Alpes vertreten sein, einer Region, in der wir stark [&hellip;]","og_url":"https:\/\/www.velfor.com\/de\/velfor-nimmt-vom-5-bis-8-maerz-2019-an-der-midest-in-lyon-teil\/","og_site_name":"Velfor","article_published_time":"2019-02-04T08:49:22+00:00","og_image":[{"width":700,"height":420,"url":"https:\/\/www.velfor.com\/wp-content\/uploads\/2019\/02\/1-MIDEST-2019.jpg","type":"image\/jpeg"}],"author":"admin","twitter_card":"summary_large_image","twitter_misc":{"Written by":"admin","Est. reading time":"1\u00a0Minute"},"schema":{"@context":"https:\/\/schema.org","@graph":[{"@type":"Article","@id":"https:\/\/www.velfor.com\/de\/velfor-nimmt-vom-5-bis-8-maerz-2019-an-der-midest-in-lyon-teil\/#article","isPartOf":{"@id":"https:\/\/www.velfor.com\/de\/velfor-nimmt-vom-5-bis-8-maerz-2019-an-der-midest-in-lyon-teil\/"},"author":{"name":"admin","@id":"https:\/\/www.velfor.com\/de\/#\/schema\/person\/244d8af9b2354c701268aa65856d68be"},"headline":"Velfor nimmt vom 5. bis 8. M\u00e4rz 2019 an der MIDEST in Lyon teil.","datePublished":"2019-02-04T08:49:22+00:00","mainEntityOfPage":{"@id":"https:\/\/www.velfor.com\/de\/velfor-nimmt-vom-5-bis-8-maerz-2019-an-der-midest-in-lyon-teil\/"},"wordCount":268,"commentCount":0,"publisher":{"@id":"https:\/\/www.velfor.com\/de\/#organization"},"image":{"@id":"https:\/\/www.velfor.com\/de\/velfor-nimmt-vom-5-bis-8-maerz-2019-an-der-midest-in-lyon-teil\/#primaryimage"},"thumbnailUrl":"https:\/\/www.velfor.com\/wp-content\/uploads\/2019\/02\/1-MIDEST-2019.jpg","articleSection":["Ereignis"],"inLanguage":"de","potentialAction":[{"@type":"CommentAction","name":"Comment","target":["https:\/\/www.velfor.com\/de\/velfor-nimmt-vom-5-bis-8-maerz-2019-an-der-midest-in-lyon-teil\/#respond"]}]},{"@type":"WebPage","@id":"https:\/\/www.velfor.com\/de\/velfor-nimmt-vom-5-bis-8-maerz-2019-an-der-midest-in-lyon-teil\/","url":"https:\/\/www.velfor.com\/de\/velfor-nimmt-vom-5-bis-8-maerz-2019-an-der-midest-in-lyon-teil\/","name":"Velfor nimmt vom 5. bis 8. M\u00e4rz 2019 an der MIDEST in Lyon teil. - Velfor","isPartOf":{"@id":"https:\/\/www.velfor.com\/de\/#website"},"primaryImageOfPage":{"@id":"https:\/\/www.velfor.com\/de\/velfor-nimmt-vom-5-bis-8-maerz-2019-an-der-midest-in-lyon-teil\/#primaryimage"},"image":{"@id":"https:\/\/www.velfor.com\/de\/velfor-nimmt-vom-5-bis-8-maerz-2019-an-der-midest-in-lyon-teil\/#primaryimage"},"thumbnailUrl":"https:\/\/www.velfor.com\/wp-content\/uploads\/2019\/02\/1-MIDEST-2019.jpg","datePublished":"2019-02-04T08:49:22+00:00","breadcrumb":{"@id":"https:\/\/www.velfor.com\/de\/velfor-nimmt-vom-5-bis-8-maerz-2019-an-der-midest-in-lyon-teil\/#breadcrumb"},"inLanguage":"de","potentialAction":[{"@type":"ReadAction","target":["https:\/\/www.velfor.com\/de\/velfor-nimmt-vom-5-bis-8-maerz-2019-an-der-midest-in-lyon-teil\/"]}]},{"@type":"ImageObject","inLanguage":"de","@id":"https:\/\/www.velfor.com\/de\/velfor-nimmt-vom-5-bis-8-maerz-2019-an-der-midest-in-lyon-teil\/#primaryimage","url":"https:\/\/www.velfor.com\/wp-content\/uploads\/2019\/02\/1-MIDEST-2019.jpg","contentUrl":"https:\/\/www.velfor.com\/wp-content\/uploads\/2019\/02\/1-MIDEST-2019.jpg","width":700,"height":420},{"@type":"BreadcrumbList","@id":"https:\/\/www.velfor.com\/de\/velfor-nimmt-vom-5-bis-8-maerz-2019-an-der-midest-in-lyon-teil\/#breadcrumb","itemListElement":[{"@type":"ListItem","position":1,"name":"Accueil","item":"https:\/\/www.velfor.com\/de\/startseite\/"},{"@type":"ListItem","position":2,"name":"Velfor nimmt vom 5. bis 8. M\u00e4rz 2019 an der MIDEST in Lyon teil."}]},{"@type":"WebSite","@id":"https:\/\/www.velfor.com\/de\/#website","url":"https:\/\/www.velfor.com\/de\/","name":"Velfor","description":"Le Groupe Velfor, votre partenaire privil\u00e9gi\u00e9 pour des solutions durables et innovantes","publisher":{"@id":"https:\/\/www.velfor.com\/de\/#organization"},"potentialAction":[{"@type":"SearchAction","target":{"@type":"EntryPoint","urlTemplate":"https:\/\/www.velfor.com\/de\/?s={search_term_string}"},"query-input":{"@type":"PropertyValueSpecification","valueRequired":true,"valueName":"search_term_string"}}],"inLanguage":"de"},{"@type":"Organization","@id":"https:\/\/www.velfor.com\/de\/#organization","name":"Velfor","url":"https:\/\/www.velfor.com\/de\/","logo":{"@type":"ImageObject","inLanguage":"de","@id":"https:\/\/www.velfor.com\/de\/#\/schema\/logo\/image\/","url":"https:\/\/www.velfor.com\/wp-content\/uploads\/2024\/12\/velfor-logo.svg","contentUrl":"https:\/\/www.velfor.com\/wp-content\/uploads\/2024\/12\/velfor-logo.svg","width":210,"height":44,"caption":"Velfor"},"image":{"@id":"https:\/\/www.velfor.com\/de\/#\/schema\/logo\/image\/"}},{"@type":"Person","@id":"https:\/\/www.velfor.com\/de\/#\/schema\/person\/244d8af9b2354c701268aa65856d68be","name":"admin","image":{"@type":"ImageObject","inLanguage":"de","@id":"https:\/\/www.velfor.com\/de\/#\/schema\/person\/image\/","url":"https:\/\/secure.gravatar.com\/avatar\/b52efe74a6a713b4a3b98a7da206535d60b9d7410265cd338904e9dc7b709c00?s=96&d=mm&r=g","contentUrl":"https:\/\/secure.gravatar.com\/avatar\/b52efe74a6a713b4a3b98a7da206535d60b9d7410265cd338904e9dc7b709c00?s=96&d=mm&r=g","caption":"admin"},"sameAs":["https:\/\/www.velfor.com"],"url":"https:\/\/www.velfor.com\/de\/author\/yoannekypia-fr\/"}]}},"_links":{"self":[{"href":"https:\/\/www.velfor.com\/de\/wp-json\/wp\/v2\/posts\/5258","targetHints":{"allow":["GET"]}}],"collection":[{"href":"https:\/\/www.velfor.com\/de\/wp-json\/wp\/v2\/posts"}],"about":[{"href":"https:\/\/www.velfor.com\/de\/wp-json\/wp\/v2\/types\/post"}],"author":[{"embeddable":true,"href":"https:\/\/www.velfor.com\/de\/wp-json\/wp\/v2\/users\/1"}],"replies":[{"embeddable":true,"href":"https:\/\/www.velfor.com\/de\/wp-json\/wp\/v2\/comments?post=5258"}],"version-history":[{"count":0,"href":"https:\/\/www.velfor.com\/de\/wp-json\/wp\/v2\/posts\/5258\/revisions"}],"wp:featuredmedia":[{"embeddable":true,"href":"https:\/\/www.velfor.com\/de\/wp-json\/wp\/v2\/media\/5004"}],"wp:attachment":[{"href":"https:\/\/www.velfor.com\/de\/wp-json\/wp\/v2\/media?parent=5258"}],"wp:term":[{"taxonomy":"category","embeddable":true,"href":"https:\/\/www.velfor.com\/de\/wp-json\/wp\/v2\/categories?post=5258"},{"taxonomy":"post_tag","embeddable":true,"href":"https:\/\/www.velfor.com\/de\/wp-json\/wp\/v2\/tags?post=5258"}],"curies":[{"name":"wp","href":"https:\/\/api.w.org\/{rel}","templated":true}]}}