{"id":5263,"date":"2019-03-05T09:56:16","date_gmt":"2019-03-05T08:56:16","guid":{"rendered":"https:\/\/www.velfor.com\/velfor-nimmt-an-der-cfia-messe-vom-12-bis-14-maerz-2019-teil\/"},"modified":"2019-03-05T09:56:16","modified_gmt":"2019-03-05T08:56:16","slug":"velfor-nimmt-an-der-cfia-messe-vom-12-bis-14-maerz-2019-teil","status":"publish","type":"post","link":"https:\/\/www.velfor.com\/de\/velfor-nimmt-an-der-cfia-messe-vom-12-bis-14-maerz-2019-teil\/","title":{"rendered":"Velfor nimmt an der CFIA-Messe vom 12. bis 14. M\u00e4rz 2019 teil."},"content":{"rendered":"<p>Die Velfor Gruppe nimmt an der CFIA (Carrefour des Fournisseurs de l&#8217;Industrie Agroalimentaire) vom 12. bis 14. M\u00e4rz 2019 in Rennes teil. Diese Messe ist ein wichtiges Ereignis, das ganz dem Lebensmittelmarkt gewidmet ist. Ihr Ziel ist es, alle franz\u00f6sischen und internationalen Lebensmittelhersteller zusammenzubringen. Seit 22 Jahren bringt die CFIA mehr als 1600 Aussteller und 20.000 Besucher w\u00e4hrend der dreit\u00e4gigen Ausstellung zusammen. Die Messe vereint die Aussteller in 10 Hallen in 3 Bereichen:    <\/p>\n<p style=\"padding-left: 30px;\">&#8211; Zutaten und PAI (Halle 4)<\/p>\n<p style=\"padding-left: 30px;\">&#8211; Ausr\u00fcstungen und Verfahren (Halle 2, 3, 5, 6, 7 und 8)<\/p>\n<p style=\"padding-left: 30px;\">&#8211; Verpackungen (Halle 9, 10a und 10b), in welchem Sektor wir in <strong style=\"font-family: 'Helvetica Neue', Helvetica, Arial, sans-serif; font-size: 13px;\">Halle 9, Stand B45<\/strong> ausstellen werden<span style=\"font-family: 'Helvetica Neue', Helvetica, Arial, sans-serif; font-size: 13px;\">. <\/span> <\/p>\n<p>&nbsp;<\/p>\n<p>F\u00fcr die Velfor-Gruppe wird die Messe 2019 eine Gelegenheit sein, ihre Pr\u00e4senz im Lebensmittelsektor zu verst\u00e4rken. In der Tat haben wir uns entschieden, die Standfl\u00e4che deutlich zu vergr\u00f6\u00dfern, von 12 auf 18 m\u00b2. Dies wird es uns erm\u00f6glichen, in einem f\u00fcr die Ausgabe 2019 neu gestalteten Stand mehr Produkte und alle unsere Neuheiten zu pr\u00e4sentieren.  <\/p>\n<p>&nbsp;<\/p>\n<p><a href=\"http:\/\/www.velfor.com\/fr\/agroalimentaire\/gamme-standard\/\" target=\"_blank\" rel=\"noopener\"><img fetchpriority=\"high\" decoding=\"async\" class=\"aligncenter wp-image-957 size-full\" src=\"http:\/\/www.velfor.com\/wp-content\/uploads\/2019\/02\/nouveaux-produits-agroalimentaires.jpg\" alt=\"Reifungskeller, Transportschalen, Schalen, Einlagen\" width=\"800\" height=\"200\"><\/a><\/p>\n<p>&nbsp;<\/p>\n<p>&nbsp;<\/p>\n<p>Auf dem Stand gibt es auch einen Treffpunkt, so dass wir Sie unter optimalen Bedingungen begr\u00fc\u00dfen k\u00f6nnen. <span style=\"color: #0000ff;\"><a style=\"color: #0000ff;\" href=\"http:\/\/www.velfor.com\/fr\/contacts\/\" target=\"_blank\" rel=\"noopener\">Vereinbaren Sie also schon jetzt einen Termin.<\/a> <\/span>und besuchen Sie uns auf unserem Stand B45 (Halle 9)!<\/p>\n<p>&nbsp;<\/p>\n<p>Weitere Informationen finden Sie auf der <span style=\"color: #0000ff;\"><a style=\"color: #0000ff;\" href=\"https:\/\/cfiaexpo.com\/fr\" target=\"_blank\" rel=\"noopener\">offizielle Website der Messe<\/a><\/span><\/p>\n<p>Um mehr \u00fcber unsere L\u00f6sungen f\u00fcr den Lebensmittelmarkt zu erfahren, laden Sie bitte unsere neue Brosch\u00fcre herunter. <a href=\"http:\/\/www.velfor.com\/wp-content\/uploads\/2019\/02\/plaquette-groupe-velfor-agro.pdf\" target=\"_blank\" rel=\"noopener\"><span style=\"color: #0000ff;\">unsere neue Brosch\u00fcre f\u00fcr die Lebensmittelindustrie<\/span><\/a> und <span style=\"color: #0000ff;\"><a style=\"color: #0000ff;\" href=\"http:\/\/www.velfor.com\/wp-content\/uploads\/2019\/02\/nouveaut%C3%A9-produits-velfor.pdf\" target=\"_blank\" rel=\"noopener\">unsere Pressemitteilung<\/a><\/span> \u00fcber die neuesten Entwicklungen 2019 oder<span style=\"color: #0000ff;\"> <a style=\"color: #0000ff;\" href=\"http:\/\/www.velfor.com\/fr\/contacts\/\" target=\"_blank\" rel=\"noopener\">kontaktieren Sie uns<\/a><\/span>.<\/p>\n<p>&nbsp;<\/p>\n<p>&nbsp;<\/p>\n<p>&nbsp;<\/p>\n<p>&nbsp;<\/p>\n","protected":false},"excerpt":{"rendered":"<p>Die Velfor Gruppe nimmt an der CFIA (Carrefour des Fournisseurs de l&#8217;Industrie Agroalimentaire) vom 12. bis 14. M\u00e4rz 2019 in Rennes teil. Diese Messe ist ein wichtiges Ereignis, das ganz dem Lebensmittelmarkt gewidmet ist. Ihr Ziel ist es, alle franz\u00f6sischen und internationalen Lebensmittelhersteller zusammenzubringen. Seit 22 Jahren bringt die CFIA mehr als 1600 Aussteller und [&hellip;]<\/p>\n","protected":false},"author":1,"featured_media":5002,"comment_status":"open","ping_status":"open","sticky":false,"template":"","format":"standard","meta":{"_acf_changed":false,"footnotes":""},"categories":[37],"tags":[],"class_list":["post-5263","post","type-post","status-publish","format-standard","has-post-thumbnail","hentry","category-ereignis"],"acf":[],"yoast_head":"<!-- This site is optimized with the Yoast SEO Premium plugin v25.2 (Yoast SEO v25.2) - https:\/\/yoast.com\/wordpress\/plugins\/seo\/ -->\n<title>Velfor nimmt an der CFIA-Messe vom 12. bis 14. M\u00e4rz 2019 teil. - Velfor<\/title>\n<meta name=\"robots\" content=\"index, follow, max-snippet:-1, max-image-preview:large, max-video-preview:-1\" \/>\n<link rel=\"canonical\" href=\"https:\/\/www.velfor.com\/de\/velfor-nimmt-an-der-cfia-messe-vom-12-bis-14-maerz-2019-teil\/\" \/>\n<meta property=\"og:locale\" content=\"de_DE\" \/>\n<meta property=\"og:type\" content=\"article\" \/>\n<meta property=\"og:title\" content=\"Velfor nimmt an der CFIA-Messe vom 12. bis 14. M\u00e4rz 2019 teil.\" \/>\n<meta property=\"og:description\" content=\"Die Velfor Gruppe nimmt an der CFIA (Carrefour des Fournisseurs de l&#8217;Industrie Agroalimentaire) vom 12. bis 14. M\u00e4rz 2019 in Rennes teil. Diese Messe ist ein wichtiges Ereignis, das ganz dem Lebensmittelmarkt gewidmet ist. Ihr Ziel ist es, alle franz\u00f6sischen und internationalen Lebensmittelhersteller zusammenzubringen. Seit 22 Jahren bringt die CFIA mehr als 1600 Aussteller und [&hellip;]\" \/>\n<meta property=\"og:url\" content=\"https:\/\/www.velfor.com\/de\/velfor-nimmt-an-der-cfia-messe-vom-12-bis-14-maerz-2019-teil\/\" \/>\n<meta property=\"og:site_name\" content=\"Velfor\" \/>\n<meta property=\"article:published_time\" content=\"2019-03-05T08:56:16+00:00\" \/>\n<meta property=\"og:image\" content=\"https:\/\/www.velfor.com\/wp-content\/uploads\/2019\/03\/shared-image.jpg\" \/>\n\t<meta property=\"og:image:width\" content=\"2312\" \/>\n\t<meta property=\"og:image:height\" content=\"1734\" \/>\n\t<meta property=\"og:image:type\" content=\"image\/jpeg\" \/>\n<meta name=\"author\" content=\"admin\" \/>\n<meta name=\"twitter:card\" content=\"summary_large_image\" \/>\n<meta name=\"twitter:label1\" content=\"Written by\" \/>\n\t<meta name=\"twitter:data1\" content=\"admin\" \/>\n\t<meta name=\"twitter:label2\" content=\"Est. reading time\" \/>\n\t<meta name=\"twitter:data2\" content=\"1\u00a0Minute\" \/>\n<script type=\"application\/ld+json\" class=\"yoast-schema-graph\">{\"@context\":\"https:\/\/schema.org\",\"@graph\":[{\"@type\":\"Article\",\"@id\":\"https:\/\/www.velfor.com\/de\/velfor-nimmt-an-der-cfia-messe-vom-12-bis-14-maerz-2019-teil\/#article\",\"isPartOf\":{\"@id\":\"https:\/\/www.velfor.com\/de\/velfor-nimmt-an-der-cfia-messe-vom-12-bis-14-maerz-2019-teil\/\"},\"author\":{\"name\":\"admin\",\"@id\":\"https:\/\/www.velfor.com\/de\/#\/schema\/person\/244d8af9b2354c701268aa65856d68be\"},\"headline\":\"Velfor nimmt an der CFIA-Messe vom 12. bis 14. M\u00e4rz 2019 teil.\",\"datePublished\":\"2019-03-05T08:56:16+00:00\",\"mainEntityOfPage\":{\"@id\":\"https:\/\/www.velfor.com\/de\/velfor-nimmt-an-der-cfia-messe-vom-12-bis-14-maerz-2019-teil\/\"},\"wordCount\":260,\"commentCount\":0,\"publisher\":{\"@id\":\"https:\/\/www.velfor.com\/de\/#organization\"},\"image\":{\"@id\":\"https:\/\/www.velfor.com\/de\/velfor-nimmt-an-der-cfia-messe-vom-12-bis-14-maerz-2019-teil\/#primaryimage\"},\"thumbnailUrl\":\"https:\/\/www.velfor.com\/wp-content\/uploads\/2019\/03\/shared-image.jpg\",\"articleSection\":[\"Ereignis\"],\"inLanguage\":\"de\",\"potentialAction\":[{\"@type\":\"CommentAction\",\"name\":\"Comment\",\"target\":[\"https:\/\/www.velfor.com\/de\/velfor-nimmt-an-der-cfia-messe-vom-12-bis-14-maerz-2019-teil\/#respond\"]}]},{\"@type\":\"WebPage\",\"@id\":\"https:\/\/www.velfor.com\/de\/velfor-nimmt-an-der-cfia-messe-vom-12-bis-14-maerz-2019-teil\/\",\"url\":\"https:\/\/www.velfor.com\/de\/velfor-nimmt-an-der-cfia-messe-vom-12-bis-14-maerz-2019-teil\/\",\"name\":\"Velfor nimmt an der CFIA-Messe vom 12. bis 14. M\u00e4rz 2019 teil. - Velfor\",\"isPartOf\":{\"@id\":\"https:\/\/www.velfor.com\/de\/#website\"},\"primaryImageOfPage\":{\"@id\":\"https:\/\/www.velfor.com\/de\/velfor-nimmt-an-der-cfia-messe-vom-12-bis-14-maerz-2019-teil\/#primaryimage\"},\"image\":{\"@id\":\"https:\/\/www.velfor.com\/de\/velfor-nimmt-an-der-cfia-messe-vom-12-bis-14-maerz-2019-teil\/#primaryimage\"},\"thumbnailUrl\":\"https:\/\/www.velfor.com\/wp-content\/uploads\/2019\/03\/shared-image.jpg\",\"datePublished\":\"2019-03-05T08:56:16+00:00\",\"breadcrumb\":{\"@id\":\"https:\/\/www.velfor.com\/de\/velfor-nimmt-an-der-cfia-messe-vom-12-bis-14-maerz-2019-teil\/#breadcrumb\"},\"inLanguage\":\"de\",\"potentialAction\":[{\"@type\":\"ReadAction\",\"target\":[\"https:\/\/www.velfor.com\/de\/velfor-nimmt-an-der-cfia-messe-vom-12-bis-14-maerz-2019-teil\/\"]}]},{\"@type\":\"ImageObject\",\"inLanguage\":\"de\",\"@id\":\"https:\/\/www.velfor.com\/de\/velfor-nimmt-an-der-cfia-messe-vom-12-bis-14-maerz-2019-teil\/#primaryimage\",\"url\":\"https:\/\/www.velfor.com\/wp-content\/uploads\/2019\/03\/shared-image.jpg\",\"contentUrl\":\"https:\/\/www.velfor.com\/wp-content\/uploads\/2019\/03\/shared-image.jpg\",\"width\":2312,\"height\":1734},{\"@type\":\"BreadcrumbList\",\"@id\":\"https:\/\/www.velfor.com\/de\/velfor-nimmt-an-der-cfia-messe-vom-12-bis-14-maerz-2019-teil\/#breadcrumb\",\"itemListElement\":[{\"@type\":\"ListItem\",\"position\":1,\"name\":\"Accueil\",\"item\":\"https:\/\/www.velfor.com\/de\/startseite\/\"},{\"@type\":\"ListItem\",\"position\":2,\"name\":\"Velfor nimmt an der CFIA-Messe vom 12. bis 14. M\u00e4rz 2019 teil.\"}]},{\"@type\":\"WebSite\",\"@id\":\"https:\/\/www.velfor.com\/de\/#website\",\"url\":\"https:\/\/www.velfor.com\/de\/\",\"name\":\"Velfor\",\"description\":\"Le Groupe Velfor, votre partenaire privil\u00e9gi\u00e9 pour des solutions durables et innovantes\",\"publisher\":{\"@id\":\"https:\/\/www.velfor.com\/de\/#organization\"},\"potentialAction\":[{\"@type\":\"SearchAction\",\"target\":{\"@type\":\"EntryPoint\",\"urlTemplate\":\"https:\/\/www.velfor.com\/de\/?s={search_term_string}\"},\"query-input\":{\"@type\":\"PropertyValueSpecification\",\"valueRequired\":true,\"valueName\":\"search_term_string\"}}],\"inLanguage\":\"de\"},{\"@type\":\"Organization\",\"@id\":\"https:\/\/www.velfor.com\/de\/#organization\",\"name\":\"Velfor\",\"url\":\"https:\/\/www.velfor.com\/de\/\",\"logo\":{\"@type\":\"ImageObject\",\"inLanguage\":\"de\",\"@id\":\"https:\/\/www.velfor.com\/de\/#\/schema\/logo\/image\/\",\"url\":\"https:\/\/www.velfor.com\/wp-content\/uploads\/2024\/12\/velfor-logo.svg\",\"contentUrl\":\"https:\/\/www.velfor.com\/wp-content\/uploads\/2024\/12\/velfor-logo.svg\",\"width\":210,\"height\":44,\"caption\":\"Velfor\"},\"image\":{\"@id\":\"https:\/\/www.velfor.com\/de\/#\/schema\/logo\/image\/\"}},{\"@type\":\"Person\",\"@id\":\"https:\/\/www.velfor.com\/de\/#\/schema\/person\/244d8af9b2354c701268aa65856d68be\",\"name\":\"admin\",\"image\":{\"@type\":\"ImageObject\",\"inLanguage\":\"de\",\"@id\":\"https:\/\/www.velfor.com\/de\/#\/schema\/person\/image\/\",\"url\":\"https:\/\/secure.gravatar.com\/avatar\/b52efe74a6a713b4a3b98a7da206535d60b9d7410265cd338904e9dc7b709c00?s=96&d=mm&r=g\",\"contentUrl\":\"https:\/\/secure.gravatar.com\/avatar\/b52efe74a6a713b4a3b98a7da206535d60b9d7410265cd338904e9dc7b709c00?s=96&d=mm&r=g\",\"caption\":\"admin\"},\"sameAs\":[\"https:\/\/www.velfor.com\"],\"url\":\"https:\/\/www.velfor.com\/de\/author\/yoannekypia-fr\/\"}]}<\/script>\n<!-- \/ Yoast SEO Premium plugin. -->","yoast_head_json":{"title":"Velfor nimmt an der CFIA-Messe vom 12. bis 14. M\u00e4rz 2019 teil. - Velfor","robots":{"index":"index","follow":"follow","max-snippet":"max-snippet:-1","max-image-preview":"max-image-preview:large","max-video-preview":"max-video-preview:-1"},"canonical":"https:\/\/www.velfor.com\/de\/velfor-nimmt-an-der-cfia-messe-vom-12-bis-14-maerz-2019-teil\/","og_locale":"de_DE","og_type":"article","og_title":"Velfor nimmt an der CFIA-Messe vom 12. bis 14. M\u00e4rz 2019 teil.","og_description":"Die Velfor Gruppe nimmt an der CFIA (Carrefour des Fournisseurs de l&#8217;Industrie Agroalimentaire) vom 12. bis 14. M\u00e4rz 2019 in Rennes teil. Diese Messe ist ein wichtiges Ereignis, das ganz dem Lebensmittelmarkt gewidmet ist. Ihr Ziel ist es, alle franz\u00f6sischen und internationalen Lebensmittelhersteller zusammenzubringen. Seit 22 Jahren bringt die CFIA mehr als 1600 Aussteller und [&hellip;]","og_url":"https:\/\/www.velfor.com\/de\/velfor-nimmt-an-der-cfia-messe-vom-12-bis-14-maerz-2019-teil\/","og_site_name":"Velfor","article_published_time":"2019-03-05T08:56:16+00:00","og_image":[{"width":2312,"height":1734,"url":"https:\/\/www.velfor.com\/wp-content\/uploads\/2019\/03\/shared-image.jpg","type":"image\/jpeg"}],"author":"admin","twitter_card":"summary_large_image","twitter_misc":{"Written by":"admin","Est. reading time":"1\u00a0Minute"},"schema":{"@context":"https:\/\/schema.org","@graph":[{"@type":"Article","@id":"https:\/\/www.velfor.com\/de\/velfor-nimmt-an-der-cfia-messe-vom-12-bis-14-maerz-2019-teil\/#article","isPartOf":{"@id":"https:\/\/www.velfor.com\/de\/velfor-nimmt-an-der-cfia-messe-vom-12-bis-14-maerz-2019-teil\/"},"author":{"name":"admin","@id":"https:\/\/www.velfor.com\/de\/#\/schema\/person\/244d8af9b2354c701268aa65856d68be"},"headline":"Velfor nimmt an der CFIA-Messe vom 12. bis 14. M\u00e4rz 2019 teil.","datePublished":"2019-03-05T08:56:16+00:00","mainEntityOfPage":{"@id":"https:\/\/www.velfor.com\/de\/velfor-nimmt-an-der-cfia-messe-vom-12-bis-14-maerz-2019-teil\/"},"wordCount":260,"commentCount":0,"publisher":{"@id":"https:\/\/www.velfor.com\/de\/#organization"},"image":{"@id":"https:\/\/www.velfor.com\/de\/velfor-nimmt-an-der-cfia-messe-vom-12-bis-14-maerz-2019-teil\/#primaryimage"},"thumbnailUrl":"https:\/\/www.velfor.com\/wp-content\/uploads\/2019\/03\/shared-image.jpg","articleSection":["Ereignis"],"inLanguage":"de","potentialAction":[{"@type":"CommentAction","name":"Comment","target":["https:\/\/www.velfor.com\/de\/velfor-nimmt-an-der-cfia-messe-vom-12-bis-14-maerz-2019-teil\/#respond"]}]},{"@type":"WebPage","@id":"https:\/\/www.velfor.com\/de\/velfor-nimmt-an-der-cfia-messe-vom-12-bis-14-maerz-2019-teil\/","url":"https:\/\/www.velfor.com\/de\/velfor-nimmt-an-der-cfia-messe-vom-12-bis-14-maerz-2019-teil\/","name":"Velfor nimmt an der CFIA-Messe vom 12. bis 14. M\u00e4rz 2019 teil. - Velfor","isPartOf":{"@id":"https:\/\/www.velfor.com\/de\/#website"},"primaryImageOfPage":{"@id":"https:\/\/www.velfor.com\/de\/velfor-nimmt-an-der-cfia-messe-vom-12-bis-14-maerz-2019-teil\/#primaryimage"},"image":{"@id":"https:\/\/www.velfor.com\/de\/velfor-nimmt-an-der-cfia-messe-vom-12-bis-14-maerz-2019-teil\/#primaryimage"},"thumbnailUrl":"https:\/\/www.velfor.com\/wp-content\/uploads\/2019\/03\/shared-image.jpg","datePublished":"2019-03-05T08:56:16+00:00","breadcrumb":{"@id":"https:\/\/www.velfor.com\/de\/velfor-nimmt-an-der-cfia-messe-vom-12-bis-14-maerz-2019-teil\/#breadcrumb"},"inLanguage":"de","potentialAction":[{"@type":"ReadAction","target":["https:\/\/www.velfor.com\/de\/velfor-nimmt-an-der-cfia-messe-vom-12-bis-14-maerz-2019-teil\/"]}]},{"@type":"ImageObject","inLanguage":"de","@id":"https:\/\/www.velfor.com\/de\/velfor-nimmt-an-der-cfia-messe-vom-12-bis-14-maerz-2019-teil\/#primaryimage","url":"https:\/\/www.velfor.com\/wp-content\/uploads\/2019\/03\/shared-image.jpg","contentUrl":"https:\/\/www.velfor.com\/wp-content\/uploads\/2019\/03\/shared-image.jpg","width":2312,"height":1734},{"@type":"BreadcrumbList","@id":"https:\/\/www.velfor.com\/de\/velfor-nimmt-an-der-cfia-messe-vom-12-bis-14-maerz-2019-teil\/#breadcrumb","itemListElement":[{"@type":"ListItem","position":1,"name":"Accueil","item":"https:\/\/www.velfor.com\/de\/startseite\/"},{"@type":"ListItem","position":2,"name":"Velfor nimmt an der CFIA-Messe vom 12. bis 14. M\u00e4rz 2019 teil."}]},{"@type":"WebSite","@id":"https:\/\/www.velfor.com\/de\/#website","url":"https:\/\/www.velfor.com\/de\/","name":"Velfor","description":"Le Groupe Velfor, votre partenaire privil\u00e9gi\u00e9 pour des solutions durables et innovantes","publisher":{"@id":"https:\/\/www.velfor.com\/de\/#organization"},"potentialAction":[{"@type":"SearchAction","target":{"@type":"EntryPoint","urlTemplate":"https:\/\/www.velfor.com\/de\/?s={search_term_string}"},"query-input":{"@type":"PropertyValueSpecification","valueRequired":true,"valueName":"search_term_string"}}],"inLanguage":"de"},{"@type":"Organization","@id":"https:\/\/www.velfor.com\/de\/#organization","name":"Velfor","url":"https:\/\/www.velfor.com\/de\/","logo":{"@type":"ImageObject","inLanguage":"de","@id":"https:\/\/www.velfor.com\/de\/#\/schema\/logo\/image\/","url":"https:\/\/www.velfor.com\/wp-content\/uploads\/2024\/12\/velfor-logo.svg","contentUrl":"https:\/\/www.velfor.com\/wp-content\/uploads\/2024\/12\/velfor-logo.svg","width":210,"height":44,"caption":"Velfor"},"image":{"@id":"https:\/\/www.velfor.com\/de\/#\/schema\/logo\/image\/"}},{"@type":"Person","@id":"https:\/\/www.velfor.com\/de\/#\/schema\/person\/244d8af9b2354c701268aa65856d68be","name":"admin","image":{"@type":"ImageObject","inLanguage":"de","@id":"https:\/\/www.velfor.com\/de\/#\/schema\/person\/image\/","url":"https:\/\/secure.gravatar.com\/avatar\/b52efe74a6a713b4a3b98a7da206535d60b9d7410265cd338904e9dc7b709c00?s=96&d=mm&r=g","contentUrl":"https:\/\/secure.gravatar.com\/avatar\/b52efe74a6a713b4a3b98a7da206535d60b9d7410265cd338904e9dc7b709c00?s=96&d=mm&r=g","caption":"admin"},"sameAs":["https:\/\/www.velfor.com"],"url":"https:\/\/www.velfor.com\/de\/author\/yoannekypia-fr\/"}]}},"_links":{"self":[{"href":"https:\/\/www.velfor.com\/de\/wp-json\/wp\/v2\/posts\/5263","targetHints":{"allow":["GET"]}}],"collection":[{"href":"https:\/\/www.velfor.com\/de\/wp-json\/wp\/v2\/posts"}],"about":[{"href":"https:\/\/www.velfor.com\/de\/wp-json\/wp\/v2\/types\/post"}],"author":[{"embeddable":true,"href":"https:\/\/www.velfor.com\/de\/wp-json\/wp\/v2\/users\/1"}],"replies":[{"embeddable":true,"href":"https:\/\/www.velfor.com\/de\/wp-json\/wp\/v2\/comments?post=5263"}],"version-history":[{"count":0,"href":"https:\/\/www.velfor.com\/de\/wp-json\/wp\/v2\/posts\/5263\/revisions"}],"wp:featuredmedia":[{"embeddable":true,"href":"https:\/\/www.velfor.com\/de\/wp-json\/wp\/v2\/media\/5002"}],"wp:attachment":[{"href":"https:\/\/www.velfor.com\/de\/wp-json\/wp\/v2\/media?parent=5263"}],"wp:term":[{"taxonomy":"category","embeddable":true,"href":"https:\/\/www.velfor.com\/de\/wp-json\/wp\/v2\/categories?post=5263"},{"taxonomy":"post_tag","embeddable":true,"href":"https:\/\/www.velfor.com\/de\/wp-json\/wp\/v2\/tags?post=5263"}],"curies":[{"name":"wp","href":"https:\/\/api.w.org\/{rel}","templated":true}]}}