{"id":5789,"date":"2018-08-27T14:28:18","date_gmt":"2018-08-27T12:28:18","guid":{"rendered":"https:\/\/www.velfor.com\/produktfokus-die-makronen-sammelbox\/"},"modified":"2018-08-27T14:28:18","modified_gmt":"2018-08-27T12:28:18","slug":"produktfokus-die-makronen-sammelbox","status":"publish","type":"post","link":"https:\/\/www.velfor.com\/de\/produktfokus-die-makronen-sammelbox\/","title":{"rendered":"Produktfokus: Die Makronen-Sammelbox"},"content":{"rendered":"<p>Diese Sammel- und Transportbox f\u00fcr den Konditoreimarkt bietet Platz f\u00fcr 70 bis 72 Macarons auf der Kante. Sie kann zwei Packungen mit je 35 Makronen oder zwei Packungen mit je 36 Makronen aufnehmen. <\/p>\n<p>Die Transparenz der Schachtel gew\u00e4hrleistet eine maximale Sichtbarkeit des Produkts, um das Macaronsortiment hervorzuheben.<\/p>\n<p>Das Keil-System, das sich perfekt an die runde Form der Macarons anpasst, sch\u00fctzt sie w\u00e4hrend des Transports und verhindert so, dass sie besch\u00e4digt werden. Die Einlagen (aus APET) sind in zwei Farben erh\u00e4ltlich: schwarz oder kristall. Sie k\u00f6nnen auch separat von der Sammelbox verkauft werden.  <\/p>\n<p>Diese Standardverpackung f\u00fcr Makronen wurde unter Ber\u00fccksichtigung der Sicherheitsstandards der Lebensmittelindustrie entwickelt. So entsprechen die verwendeten Rohstoffe der Richtlinie 2002\/72\/EG und ihren nachfolgenden \u00c4nderungen. Die R\u00fcckverfolgbarkeit wird durch die Identifizierung der Chargennummer und des Herstellungstages gew\u00e4hrleistet. Das Zertifikat f\u00fcr Lebensmittelkontakt ist auf Anfrage erh\u00e4ltlich.   <\/p>\n<p>Die Makronen-Sammelbox und die beiden dazugeh\u00f6rigen Einlagen sind Produkte aus unserem Standardsortiment. Daher erfordern ihre Designs keine neuen Werkzeuge, was zu Kosteneinsparungen f\u00fchrt. Sie sind ab Lager lieferbar, was die Lieferzeiten erheblich verk\u00fcrzt.  <\/p>\n<p><img fetchpriority=\"high\" decoding=\"async\" class=\"wp-image-838 aligncenter\" src=\"http:\/\/www.velfor.com\/wp-content\/uploads\/2018\/08\/calage-macarons.jpg\" alt=\"Verpackungen und Schachteln f\u00fcr die Sammlung von Makronen\" width=\"451\" height=\"260\"><\/p>\n<p>M\u00f6chten Sie mehr \u00fcber unsere Produkte erfahren oder ein Angebot anfordern? Kontaktieren Sie uns, indem Sie <a href=\"http:\/\/www.velfor.com\/fr\/contacts\/\">hier<\/a> klicken <\/p>\n<p><a href=\"https:\/\/acrobat.adobe.com\/id\/urn:aaid:sc:eu:f4e8777e-e1ad-48bf-8810-541a42539730\">Produktfokus: Die Makronen-Sammelbox<\/a><\/p>\n<p><a href=\"http:\/\/www.velfor.com\/fr\/agroalimentaire\/gamme-standard\/\">Weitere Produkte aus unserem Standardsortiment f\u00fcr den Lebensmittelmarkt ansehen<\/a><\/p>\n","protected":false},"excerpt":{"rendered":"<p>Diese Sammel- und Transportbox f\u00fcr den Konditoreimarkt bietet Platz f\u00fcr 70 bis 72 Macarons auf der Kante. Sie kann zwei Packungen mit je 35 Makronen oder zwei Packungen mit je 36 Makronen aufnehmen. Die Transparenz der Schachtel gew\u00e4hrleistet eine maximale Sichtbarkeit des Produkts, um das Macaronsortiment hervorzuheben. Das Keil-System, das sich perfekt an die runde [&hellip;]<\/p>\n","protected":false},"author":1,"featured_media":0,"comment_status":"open","ping_status":"open","sticky":false,"template":"","format":"standard","meta":{"_acf_changed":false,"footnotes":""},"categories":[43],"tags":[],"class_list":["post-5789","post","type-post","status-publish","format-standard","hentry","category-realisierung"],"acf":[],"yoast_head":"<!-- This site is optimized with the Yoast SEO Premium plugin v25.2 (Yoast SEO v25.2) - https:\/\/yoast.com\/wordpress\/plugins\/seo\/ -->\n<title>Produktfokus: Die Makronen-Sammelbox - Velfor<\/title>\n<meta name=\"robots\" content=\"index, follow, max-snippet:-1, max-image-preview:large, max-video-preview:-1\" \/>\n<link rel=\"canonical\" href=\"https:\/\/www.velfor.com\/de\/produktfokus-die-makronen-sammelbox\/\" \/>\n<meta property=\"og:locale\" content=\"de_DE\" \/>\n<meta property=\"og:type\" content=\"article\" \/>\n<meta property=\"og:title\" content=\"Produktfokus: Die Makronen-Sammelbox\" \/>\n<meta property=\"og:description\" content=\"Diese Sammel- und Transportbox f\u00fcr den Konditoreimarkt bietet Platz f\u00fcr 70 bis 72 Macarons auf der Kante. Sie kann zwei Packungen mit je 35 Makronen oder zwei Packungen mit je 36 Makronen aufnehmen. Die Transparenz der Schachtel gew\u00e4hrleistet eine maximale Sichtbarkeit des Produkts, um das Macaronsortiment hervorzuheben. Das Keil-System, das sich perfekt an die runde [&hellip;]\" \/>\n<meta property=\"og:url\" content=\"https:\/\/www.velfor.com\/de\/produktfokus-die-makronen-sammelbox\/\" \/>\n<meta property=\"og:site_name\" content=\"Velfor\" \/>\n<meta property=\"article:published_time\" content=\"2018-08-27T12:28:18+00:00\" \/>\n<meta name=\"author\" content=\"admin\" \/>\n<meta name=\"twitter:card\" content=\"summary_large_image\" \/>\n<meta name=\"twitter:label1\" content=\"Written by\" \/>\n\t<meta name=\"twitter:data1\" content=\"admin\" \/>\n\t<meta name=\"twitter:label2\" content=\"Est. reading time\" \/>\n\t<meta name=\"twitter:data2\" content=\"1\u00a0Minute\" \/>\n<script type=\"application\/ld+json\" class=\"yoast-schema-graph\">{\"@context\":\"https:\/\/schema.org\",\"@graph\":[{\"@type\":\"Article\",\"@id\":\"https:\/\/www.velfor.com\/de\/produktfokus-die-makronen-sammelbox\/#article\",\"isPartOf\":{\"@id\":\"https:\/\/www.velfor.com\/de\/produktfokus-die-makronen-sammelbox\/\"},\"author\":{\"name\":\"admin\",\"@id\":\"https:\/\/www.velfor.com\/de\/#\/schema\/person\/244d8af9b2354c701268aa65856d68be\"},\"headline\":\"Produktfokus: Die Makronen-Sammelbox\",\"datePublished\":\"2018-08-27T12:28:18+00:00\",\"mainEntityOfPage\":{\"@id\":\"https:\/\/www.velfor.com\/de\/produktfokus-die-makronen-sammelbox\/\"},\"wordCount\":217,\"commentCount\":0,\"publisher\":{\"@id\":\"https:\/\/www.velfor.com\/de\/#organization\"},\"image\":{\"@id\":\"https:\/\/www.velfor.com\/de\/produktfokus-die-makronen-sammelbox\/#primaryimage\"},\"thumbnailUrl\":\"http:\/\/www.velfor.com\/wp-content\/uploads\/2018\/08\/calage-macarons.jpg\",\"articleSection\":[\"Realisierung\"],\"inLanguage\":\"de\",\"potentialAction\":[{\"@type\":\"CommentAction\",\"name\":\"Comment\",\"target\":[\"https:\/\/www.velfor.com\/de\/produktfokus-die-makronen-sammelbox\/#respond\"]}]},{\"@type\":\"WebPage\",\"@id\":\"https:\/\/www.velfor.com\/de\/produktfokus-die-makronen-sammelbox\/\",\"url\":\"https:\/\/www.velfor.com\/de\/produktfokus-die-makronen-sammelbox\/\",\"name\":\"Produktfokus: Die Makronen-Sammelbox - Velfor\",\"isPartOf\":{\"@id\":\"https:\/\/www.velfor.com\/de\/#website\"},\"primaryImageOfPage\":{\"@id\":\"https:\/\/www.velfor.com\/de\/produktfokus-die-makronen-sammelbox\/#primaryimage\"},\"image\":{\"@id\":\"https:\/\/www.velfor.com\/de\/produktfokus-die-makronen-sammelbox\/#primaryimage\"},\"thumbnailUrl\":\"http:\/\/www.velfor.com\/wp-content\/uploads\/2018\/08\/calage-macarons.jpg\",\"datePublished\":\"2018-08-27T12:28:18+00:00\",\"breadcrumb\":{\"@id\":\"https:\/\/www.velfor.com\/de\/produktfokus-die-makronen-sammelbox\/#breadcrumb\"},\"inLanguage\":\"de\",\"potentialAction\":[{\"@type\":\"ReadAction\",\"target\":[\"https:\/\/www.velfor.com\/de\/produktfokus-die-makronen-sammelbox\/\"]}]},{\"@type\":\"ImageObject\",\"inLanguage\":\"de\",\"@id\":\"https:\/\/www.velfor.com\/de\/produktfokus-die-makronen-sammelbox\/#primaryimage\",\"url\":\"http:\/\/www.velfor.com\/wp-content\/uploads\/2018\/08\/calage-macarons.jpg\",\"contentUrl\":\"http:\/\/www.velfor.com\/wp-content\/uploads\/2018\/08\/calage-macarons.jpg\"},{\"@type\":\"BreadcrumbList\",\"@id\":\"https:\/\/www.velfor.com\/de\/produktfokus-die-makronen-sammelbox\/#breadcrumb\",\"itemListElement\":[{\"@type\":\"ListItem\",\"position\":1,\"name\":\"Accueil\",\"item\":\"https:\/\/www.velfor.com\/de\/startseite\/\"},{\"@type\":\"ListItem\",\"position\":2,\"name\":\"Produktfokus: Die Makronen-Sammelbox\"}]},{\"@type\":\"WebSite\",\"@id\":\"https:\/\/www.velfor.com\/de\/#website\",\"url\":\"https:\/\/www.velfor.com\/de\/\",\"name\":\"Velfor\",\"description\":\"Le Groupe Velfor, votre partenaire privil\u00e9gi\u00e9 pour des solutions durables et innovantes\",\"publisher\":{\"@id\":\"https:\/\/www.velfor.com\/de\/#organization\"},\"potentialAction\":[{\"@type\":\"SearchAction\",\"target\":{\"@type\":\"EntryPoint\",\"urlTemplate\":\"https:\/\/www.velfor.com\/de\/?s={search_term_string}\"},\"query-input\":{\"@type\":\"PropertyValueSpecification\",\"valueRequired\":true,\"valueName\":\"search_term_string\"}}],\"inLanguage\":\"de\"},{\"@type\":\"Organization\",\"@id\":\"https:\/\/www.velfor.com\/de\/#organization\",\"name\":\"Velfor\",\"url\":\"https:\/\/www.velfor.com\/de\/\",\"logo\":{\"@type\":\"ImageObject\",\"inLanguage\":\"de\",\"@id\":\"https:\/\/www.velfor.com\/de\/#\/schema\/logo\/image\/\",\"url\":\"https:\/\/www.velfor.com\/wp-content\/uploads\/2024\/12\/velfor-logo.svg\",\"contentUrl\":\"https:\/\/www.velfor.com\/wp-content\/uploads\/2024\/12\/velfor-logo.svg\",\"width\":210,\"height\":44,\"caption\":\"Velfor\"},\"image\":{\"@id\":\"https:\/\/www.velfor.com\/de\/#\/schema\/logo\/image\/\"}},{\"@type\":\"Person\",\"@id\":\"https:\/\/www.velfor.com\/de\/#\/schema\/person\/244d8af9b2354c701268aa65856d68be\",\"name\":\"admin\",\"image\":{\"@type\":\"ImageObject\",\"inLanguage\":\"de\",\"@id\":\"https:\/\/www.velfor.com\/de\/#\/schema\/person\/image\/\",\"url\":\"https:\/\/secure.gravatar.com\/avatar\/b52efe74a6a713b4a3b98a7da206535d60b9d7410265cd338904e9dc7b709c00?s=96&d=mm&r=g\",\"contentUrl\":\"https:\/\/secure.gravatar.com\/avatar\/b52efe74a6a713b4a3b98a7da206535d60b9d7410265cd338904e9dc7b709c00?s=96&d=mm&r=g\",\"caption\":\"admin\"},\"sameAs\":[\"https:\/\/www.velfor.com\"],\"url\":\"https:\/\/www.velfor.com\/de\/author\/yoannekypia-fr\/\"}]}<\/script>\n<!-- \/ Yoast SEO Premium plugin. -->","yoast_head_json":{"title":"Produktfokus: Die Makronen-Sammelbox - Velfor","robots":{"index":"index","follow":"follow","max-snippet":"max-snippet:-1","max-image-preview":"max-image-preview:large","max-video-preview":"max-video-preview:-1"},"canonical":"https:\/\/www.velfor.com\/de\/produktfokus-die-makronen-sammelbox\/","og_locale":"de_DE","og_type":"article","og_title":"Produktfokus: Die Makronen-Sammelbox","og_description":"Diese Sammel- und Transportbox f\u00fcr den Konditoreimarkt bietet Platz f\u00fcr 70 bis 72 Macarons auf der Kante. Sie kann zwei Packungen mit je 35 Makronen oder zwei Packungen mit je 36 Makronen aufnehmen. Die Transparenz der Schachtel gew\u00e4hrleistet eine maximale Sichtbarkeit des Produkts, um das Macaronsortiment hervorzuheben. Das Keil-System, das sich perfekt an die runde [&hellip;]","og_url":"https:\/\/www.velfor.com\/de\/produktfokus-die-makronen-sammelbox\/","og_site_name":"Velfor","article_published_time":"2018-08-27T12:28:18+00:00","author":"admin","twitter_card":"summary_large_image","twitter_misc":{"Written by":"admin","Est. reading time":"1\u00a0Minute"},"schema":{"@context":"https:\/\/schema.org","@graph":[{"@type":"Article","@id":"https:\/\/www.velfor.com\/de\/produktfokus-die-makronen-sammelbox\/#article","isPartOf":{"@id":"https:\/\/www.velfor.com\/de\/produktfokus-die-makronen-sammelbox\/"},"author":{"name":"admin","@id":"https:\/\/www.velfor.com\/de\/#\/schema\/person\/244d8af9b2354c701268aa65856d68be"},"headline":"Produktfokus: Die Makronen-Sammelbox","datePublished":"2018-08-27T12:28:18+00:00","mainEntityOfPage":{"@id":"https:\/\/www.velfor.com\/de\/produktfokus-die-makronen-sammelbox\/"},"wordCount":217,"commentCount":0,"publisher":{"@id":"https:\/\/www.velfor.com\/de\/#organization"},"image":{"@id":"https:\/\/www.velfor.com\/de\/produktfokus-die-makronen-sammelbox\/#primaryimage"},"thumbnailUrl":"http:\/\/www.velfor.com\/wp-content\/uploads\/2018\/08\/calage-macarons.jpg","articleSection":["Realisierung"],"inLanguage":"de","potentialAction":[{"@type":"CommentAction","name":"Comment","target":["https:\/\/www.velfor.com\/de\/produktfokus-die-makronen-sammelbox\/#respond"]}]},{"@type":"WebPage","@id":"https:\/\/www.velfor.com\/de\/produktfokus-die-makronen-sammelbox\/","url":"https:\/\/www.velfor.com\/de\/produktfokus-die-makronen-sammelbox\/","name":"Produktfokus: Die Makronen-Sammelbox - Velfor","isPartOf":{"@id":"https:\/\/www.velfor.com\/de\/#website"},"primaryImageOfPage":{"@id":"https:\/\/www.velfor.com\/de\/produktfokus-die-makronen-sammelbox\/#primaryimage"},"image":{"@id":"https:\/\/www.velfor.com\/de\/produktfokus-die-makronen-sammelbox\/#primaryimage"},"thumbnailUrl":"http:\/\/www.velfor.com\/wp-content\/uploads\/2018\/08\/calage-macarons.jpg","datePublished":"2018-08-27T12:28:18+00:00","breadcrumb":{"@id":"https:\/\/www.velfor.com\/de\/produktfokus-die-makronen-sammelbox\/#breadcrumb"},"inLanguage":"de","potentialAction":[{"@type":"ReadAction","target":["https:\/\/www.velfor.com\/de\/produktfokus-die-makronen-sammelbox\/"]}]},{"@type":"ImageObject","inLanguage":"de","@id":"https:\/\/www.velfor.com\/de\/produktfokus-die-makronen-sammelbox\/#primaryimage","url":"http:\/\/www.velfor.com\/wp-content\/uploads\/2018\/08\/calage-macarons.jpg","contentUrl":"http:\/\/www.velfor.com\/wp-content\/uploads\/2018\/08\/calage-macarons.jpg"},{"@type":"BreadcrumbList","@id":"https:\/\/www.velfor.com\/de\/produktfokus-die-makronen-sammelbox\/#breadcrumb","itemListElement":[{"@type":"ListItem","position":1,"name":"Accueil","item":"https:\/\/www.velfor.com\/de\/startseite\/"},{"@type":"ListItem","position":2,"name":"Produktfokus: Die Makronen-Sammelbox"}]},{"@type":"WebSite","@id":"https:\/\/www.velfor.com\/de\/#website","url":"https:\/\/www.velfor.com\/de\/","name":"Velfor","description":"Le Groupe Velfor, votre partenaire privil\u00e9gi\u00e9 pour des solutions durables et innovantes","publisher":{"@id":"https:\/\/www.velfor.com\/de\/#organization"},"potentialAction":[{"@type":"SearchAction","target":{"@type":"EntryPoint","urlTemplate":"https:\/\/www.velfor.com\/de\/?s={search_term_string}"},"query-input":{"@type":"PropertyValueSpecification","valueRequired":true,"valueName":"search_term_string"}}],"inLanguage":"de"},{"@type":"Organization","@id":"https:\/\/www.velfor.com\/de\/#organization","name":"Velfor","url":"https:\/\/www.velfor.com\/de\/","logo":{"@type":"ImageObject","inLanguage":"de","@id":"https:\/\/www.velfor.com\/de\/#\/schema\/logo\/image\/","url":"https:\/\/www.velfor.com\/wp-content\/uploads\/2024\/12\/velfor-logo.svg","contentUrl":"https:\/\/www.velfor.com\/wp-content\/uploads\/2024\/12\/velfor-logo.svg","width":210,"height":44,"caption":"Velfor"},"image":{"@id":"https:\/\/www.velfor.com\/de\/#\/schema\/logo\/image\/"}},{"@type":"Person","@id":"https:\/\/www.velfor.com\/de\/#\/schema\/person\/244d8af9b2354c701268aa65856d68be","name":"admin","image":{"@type":"ImageObject","inLanguage":"de","@id":"https:\/\/www.velfor.com\/de\/#\/schema\/person\/image\/","url":"https:\/\/secure.gravatar.com\/avatar\/b52efe74a6a713b4a3b98a7da206535d60b9d7410265cd338904e9dc7b709c00?s=96&d=mm&r=g","contentUrl":"https:\/\/secure.gravatar.com\/avatar\/b52efe74a6a713b4a3b98a7da206535d60b9d7410265cd338904e9dc7b709c00?s=96&d=mm&r=g","caption":"admin"},"sameAs":["https:\/\/www.velfor.com"],"url":"https:\/\/www.velfor.com\/de\/author\/yoannekypia-fr\/"}]}},"_links":{"self":[{"href":"https:\/\/www.velfor.com\/de\/wp-json\/wp\/v2\/posts\/5789","targetHints":{"allow":["GET"]}}],"collection":[{"href":"https:\/\/www.velfor.com\/de\/wp-json\/wp\/v2\/posts"}],"about":[{"href":"https:\/\/www.velfor.com\/de\/wp-json\/wp\/v2\/types\/post"}],"author":[{"embeddable":true,"href":"https:\/\/www.velfor.com\/de\/wp-json\/wp\/v2\/users\/1"}],"replies":[{"embeddable":true,"href":"https:\/\/www.velfor.com\/de\/wp-json\/wp\/v2\/comments?post=5789"}],"version-history":[{"count":0,"href":"https:\/\/www.velfor.com\/de\/wp-json\/wp\/v2\/posts\/5789\/revisions"}],"wp:attachment":[{"href":"https:\/\/www.velfor.com\/de\/wp-json\/wp\/v2\/media?parent=5789"}],"wp:term":[{"taxonomy":"category","embeddable":true,"href":"https:\/\/www.velfor.com\/de\/wp-json\/wp\/v2\/categories?post=5789"},{"taxonomy":"post_tag","embeddable":true,"href":"https:\/\/www.velfor.com\/de\/wp-json\/wp\/v2\/tags?post=5789"}],"curies":[{"name":"wp","href":"https:\/\/api.w.org\/{rel}","templated":true}]}}