{"id":5803,"date":"2018-06-13T10:08:44","date_gmt":"2018-06-13T08:08:44","guid":{"rendered":"https:\/\/www.velfor.com\/velfood-das-praktische-innovative-und-umweltfreundliche-verpackungskonzept-fuer-lebensmittel\/"},"modified":"2018-06-13T10:08:44","modified_gmt":"2018-06-13T08:08:44","slug":"velfood-das-praktische-innovative-und-umweltfreundliche-verpackungskonzept-fuer-lebensmittel","status":"publish","type":"post","link":"https:\/\/www.velfor.com\/de\/velfood-das-praktische-innovative-und-umweltfreundliche-verpackungskonzept-fuer-lebensmittel\/","title":{"rendered":"Velfood \u00ae, das praktische, innovative und umweltfreundliche Verpackungskonzept f\u00fcr Lebensmittel"},"content":{"rendered":"<p>Velfood <sup>\u00ae<\/sup> ist ein Verpackungskonzept aus zwei Materialien, das Karton und Kunststoff miteinander verbindet.<\/p>\n<p>Es handelt sich um eine mikrowellengeeignete, fettdichte Schale aus Karton mit einem transparenten Deckel aus Polypropylen oder APET. Die Velfood <sup>\u00ae-Schale<\/sup> ist f\u00fcr den sofortigen Verzehr bestimmt, f\u00fcr die M\u00e4rkte Ultrafrische, Fertiggerichte und Backwaren. <\/p>\n<p>Praktisch und innovativ: Unter dem Deckel befindet sich ein Fach f\u00fcr Servietten, Besteck und Gew\u00fcrze. Ein integrierter Verschluss h\u00e4lt den Deckel in Position. Die Velfood <sup>\u00ae-Schalen <\/sup>haben ein attraktives Design und sind stapelbar, um das Einr\u00e4umen zu erleichtern. Die transparenten Deckel erh\u00f6hen die Sichtbarkeit des Produkts, das optimal pr\u00e4sentiert wird.   <\/p>\n<p>Die Velfood <sup>\u00ae-Schale <\/sup>ist in Kraft erh\u00e4ltlich, kann aber auf Wunsch auch personalisiert und bedruckt werden. Sie ist auch umweltfreundlich gestaltet. Sie ist recycelbar, verwendet migrationsarme pflanzliche Druckfarben und reduziert das Gewicht der Verpackung.  <\/p>\n<p>Sie ist in 4 Gr\u00f6\u00dfen (1000 ml, 750 ml, 500 ml und 375 ml) in Kraft auf Lager und in bedruckter Version auf Anfrage erh\u00e4ltlich.<\/p>\n<p><img fetchpriority=\"high\" decoding=\"async\" class=\"wp-image-236 aligncenter\" src=\"http:\/\/www.velfor.com\/wp-content\/uploads\/2016\/02\/logo-velfood-1024x552.jpg\" alt=\"\" width=\"336\" height=\"171\"><\/p>\n<p><span style=\"color: #0000ff;\"><a style=\"color: #0000ff;\" href=\"http:\/\/www.velfor.com\/wp-content\/uploads\/2022\/04\/Velfood-Septembre-2022.pdf\" target=\"_blank\" rel=\"noopener noreferrer\">Vollst\u00e4ndige Produktbeschreibung ansehen<\/a><\/span><\/p>\n<p><span style=\"color: #0000ff;\"><a style=\"color: #0000ff;\" href=\"http:\/\/www.velfor.com\/fr\/agroalimentaire\/gamme-standard\/\" target=\"_blank\" rel=\"noopener noreferrer\">Weitere Produkte aus unserem Standardsortiment f\u00fcr den Lebensmittelmarkt ansehen<\/a><\/span><\/p>\n<p>F\u00fcr weitere Informationen oder ein Angebot klicken Sie bitte hier. <span style=\"color: #0000ff;\"><a style=\"color: #0000ff;\" href=\"http:\/\/www.velfor.com\/fr\/contacts\/\" target=\"_blank\" rel=\"noopener noreferrer\">hier<\/a><\/span><\/p>\n<p>&nbsp;<\/p>\n<p>&nbsp;<\/p>\n<p>&nbsp;<\/p>\n","protected":false},"excerpt":{"rendered":"<p>Velfood \u00ae ist ein Verpackungskonzept aus zwei Materialien, das Karton und Kunststoff miteinander verbindet. Es handelt sich um eine mikrowellengeeignete, fettdichte Schale aus Karton mit einem transparenten Deckel aus Polypropylen oder APET. Die Velfood \u00ae-Schale ist f\u00fcr den sofortigen Verzehr bestimmt, f\u00fcr die M\u00e4rkte Ultrafrische, Fertiggerichte und Backwaren. Praktisch und innovativ: Unter dem Deckel befindet [&hellip;]<\/p>\n","protected":false},"author":1,"featured_media":0,"comment_status":"open","ping_status":"open","sticky":false,"template":"","format":"standard","meta":{"_acf_changed":false,"footnotes":""},"categories":[43],"tags":[],"class_list":["post-5803","post","type-post","status-publish","format-standard","hentry","category-realisierung"],"acf":[],"yoast_head":"<!-- This site is optimized with the Yoast SEO Premium plugin v25.2 (Yoast SEO v25.2) - https:\/\/yoast.com\/wordpress\/plugins\/seo\/ -->\n<title>Velfood \u00ae, das praktische, innovative und umweltfreundliche Verpackungskonzept f\u00fcr Lebensmittel - Velfor<\/title>\n<meta name=\"robots\" content=\"index, follow, max-snippet:-1, max-image-preview:large, max-video-preview:-1\" \/>\n<link rel=\"canonical\" href=\"https:\/\/www.velfor.com\/de\/velfood-das-praktische-innovative-und-umweltfreundliche-verpackungskonzept-fuer-lebensmittel\/\" \/>\n<meta property=\"og:locale\" content=\"de_DE\" \/>\n<meta property=\"og:type\" content=\"article\" \/>\n<meta property=\"og:title\" content=\"Velfood \u00ae, das praktische, innovative und umweltfreundliche Verpackungskonzept f\u00fcr Lebensmittel\" \/>\n<meta property=\"og:description\" content=\"Velfood \u00ae ist ein Verpackungskonzept aus zwei Materialien, das Karton und Kunststoff miteinander verbindet. Es handelt sich um eine mikrowellengeeignete, fettdichte Schale aus Karton mit einem transparenten Deckel aus Polypropylen oder APET. Die Velfood \u00ae-Schale ist f\u00fcr den sofortigen Verzehr bestimmt, f\u00fcr die M\u00e4rkte Ultrafrische, Fertiggerichte und Backwaren. Praktisch und innovativ: Unter dem Deckel befindet [&hellip;]\" \/>\n<meta property=\"og:url\" content=\"https:\/\/www.velfor.com\/de\/velfood-das-praktische-innovative-und-umweltfreundliche-verpackungskonzept-fuer-lebensmittel\/\" \/>\n<meta property=\"og:site_name\" content=\"Velfor\" \/>\n<meta property=\"article:published_time\" content=\"2018-06-13T08:08:44+00:00\" \/>\n<meta name=\"author\" content=\"admin\" \/>\n<meta name=\"twitter:card\" content=\"summary_large_image\" \/>\n<meta name=\"twitter:label1\" content=\"Written by\" \/>\n\t<meta name=\"twitter:data1\" content=\"admin\" \/>\n\t<meta name=\"twitter:label2\" content=\"Est. reading time\" \/>\n\t<meta name=\"twitter:data2\" content=\"1\u00a0Minute\" \/>\n<script type=\"application\/ld+json\" class=\"yoast-schema-graph\">{\"@context\":\"https:\/\/schema.org\",\"@graph\":[{\"@type\":\"Article\",\"@id\":\"https:\/\/www.velfor.com\/de\/velfood-das-praktische-innovative-und-umweltfreundliche-verpackungskonzept-fuer-lebensmittel\/#article\",\"isPartOf\":{\"@id\":\"https:\/\/www.velfor.com\/de\/velfood-das-praktische-innovative-und-umweltfreundliche-verpackungskonzept-fuer-lebensmittel\/\"},\"author\":{\"name\":\"admin\",\"@id\":\"https:\/\/www.velfor.com\/de\/#\/schema\/person\/244d8af9b2354c701268aa65856d68be\"},\"headline\":\"Velfood \u00ae, das praktische, innovative und umweltfreundliche Verpackungskonzept f\u00fcr Lebensmittel\",\"datePublished\":\"2018-06-13T08:08:44+00:00\",\"mainEntityOfPage\":{\"@id\":\"https:\/\/www.velfor.com\/de\/velfood-das-praktische-innovative-und-umweltfreundliche-verpackungskonzept-fuer-lebensmittel\/\"},\"wordCount\":202,\"commentCount\":0,\"publisher\":{\"@id\":\"https:\/\/www.velfor.com\/de\/#organization\"},\"image\":{\"@id\":\"https:\/\/www.velfor.com\/de\/velfood-das-praktische-innovative-und-umweltfreundliche-verpackungskonzept-fuer-lebensmittel\/#primaryimage\"},\"thumbnailUrl\":\"http:\/\/www.velfor.com\/wp-content\/uploads\/2016\/02\/logo-velfood-1024x552.jpg\",\"articleSection\":[\"Realisierung\"],\"inLanguage\":\"de\",\"potentialAction\":[{\"@type\":\"CommentAction\",\"name\":\"Comment\",\"target\":[\"https:\/\/www.velfor.com\/de\/velfood-das-praktische-innovative-und-umweltfreundliche-verpackungskonzept-fuer-lebensmittel\/#respond\"]}]},{\"@type\":\"WebPage\",\"@id\":\"https:\/\/www.velfor.com\/de\/velfood-das-praktische-innovative-und-umweltfreundliche-verpackungskonzept-fuer-lebensmittel\/\",\"url\":\"https:\/\/www.velfor.com\/de\/velfood-das-praktische-innovative-und-umweltfreundliche-verpackungskonzept-fuer-lebensmittel\/\",\"name\":\"Velfood \u00ae, das praktische, innovative und umweltfreundliche Verpackungskonzept f\u00fcr Lebensmittel - Velfor\",\"isPartOf\":{\"@id\":\"https:\/\/www.velfor.com\/de\/#website\"},\"primaryImageOfPage\":{\"@id\":\"https:\/\/www.velfor.com\/de\/velfood-das-praktische-innovative-und-umweltfreundliche-verpackungskonzept-fuer-lebensmittel\/#primaryimage\"},\"image\":{\"@id\":\"https:\/\/www.velfor.com\/de\/velfood-das-praktische-innovative-und-umweltfreundliche-verpackungskonzept-fuer-lebensmittel\/#primaryimage\"},\"thumbnailUrl\":\"http:\/\/www.velfor.com\/wp-content\/uploads\/2016\/02\/logo-velfood-1024x552.jpg\",\"datePublished\":\"2018-06-13T08:08:44+00:00\",\"breadcrumb\":{\"@id\":\"https:\/\/www.velfor.com\/de\/velfood-das-praktische-innovative-und-umweltfreundliche-verpackungskonzept-fuer-lebensmittel\/#breadcrumb\"},\"inLanguage\":\"de\",\"potentialAction\":[{\"@type\":\"ReadAction\",\"target\":[\"https:\/\/www.velfor.com\/de\/velfood-das-praktische-innovative-und-umweltfreundliche-verpackungskonzept-fuer-lebensmittel\/\"]}]},{\"@type\":\"ImageObject\",\"inLanguage\":\"de\",\"@id\":\"https:\/\/www.velfor.com\/de\/velfood-das-praktische-innovative-und-umweltfreundliche-verpackungskonzept-fuer-lebensmittel\/#primaryimage\",\"url\":\"http:\/\/www.velfor.com\/wp-content\/uploads\/2016\/02\/logo-velfood-1024x552.jpg\",\"contentUrl\":\"http:\/\/www.velfor.com\/wp-content\/uploads\/2016\/02\/logo-velfood-1024x552.jpg\"},{\"@type\":\"BreadcrumbList\",\"@id\":\"https:\/\/www.velfor.com\/de\/velfood-das-praktische-innovative-und-umweltfreundliche-verpackungskonzept-fuer-lebensmittel\/#breadcrumb\",\"itemListElement\":[{\"@type\":\"ListItem\",\"position\":1,\"name\":\"Accueil\",\"item\":\"https:\/\/www.velfor.com\/de\/startseite\/\"},{\"@type\":\"ListItem\",\"position\":2,\"name\":\"Velfood \u00ae, das praktische, innovative und umweltfreundliche Verpackungskonzept f\u00fcr Lebensmittel\"}]},{\"@type\":\"WebSite\",\"@id\":\"https:\/\/www.velfor.com\/de\/#website\",\"url\":\"https:\/\/www.velfor.com\/de\/\",\"name\":\"Velfor\",\"description\":\"Le Groupe Velfor, votre partenaire privil\u00e9gi\u00e9 pour des solutions durables et innovantes\",\"publisher\":{\"@id\":\"https:\/\/www.velfor.com\/de\/#organization\"},\"potentialAction\":[{\"@type\":\"SearchAction\",\"target\":{\"@type\":\"EntryPoint\",\"urlTemplate\":\"https:\/\/www.velfor.com\/de\/?s={search_term_string}\"},\"query-input\":{\"@type\":\"PropertyValueSpecification\",\"valueRequired\":true,\"valueName\":\"search_term_string\"}}],\"inLanguage\":\"de\"},{\"@type\":\"Organization\",\"@id\":\"https:\/\/www.velfor.com\/de\/#organization\",\"name\":\"Velfor\",\"url\":\"https:\/\/www.velfor.com\/de\/\",\"logo\":{\"@type\":\"ImageObject\",\"inLanguage\":\"de\",\"@id\":\"https:\/\/www.velfor.com\/de\/#\/schema\/logo\/image\/\",\"url\":\"https:\/\/www.velfor.com\/wp-content\/uploads\/2024\/12\/velfor-logo.svg\",\"contentUrl\":\"https:\/\/www.velfor.com\/wp-content\/uploads\/2024\/12\/velfor-logo.svg\",\"width\":210,\"height\":44,\"caption\":\"Velfor\"},\"image\":{\"@id\":\"https:\/\/www.velfor.com\/de\/#\/schema\/logo\/image\/\"}},{\"@type\":\"Person\",\"@id\":\"https:\/\/www.velfor.com\/de\/#\/schema\/person\/244d8af9b2354c701268aa65856d68be\",\"name\":\"admin\",\"image\":{\"@type\":\"ImageObject\",\"inLanguage\":\"de\",\"@id\":\"https:\/\/www.velfor.com\/de\/#\/schema\/person\/image\/\",\"url\":\"https:\/\/secure.gravatar.com\/avatar\/b52efe74a6a713b4a3b98a7da206535d60b9d7410265cd338904e9dc7b709c00?s=96&d=mm&r=g\",\"contentUrl\":\"https:\/\/secure.gravatar.com\/avatar\/b52efe74a6a713b4a3b98a7da206535d60b9d7410265cd338904e9dc7b709c00?s=96&d=mm&r=g\",\"caption\":\"admin\"},\"sameAs\":[\"https:\/\/www.velfor.com\"],\"url\":\"https:\/\/www.velfor.com\/de\/author\/yoannekypia-fr\/\"}]}<\/script>\n<!-- \/ Yoast SEO Premium plugin. -->","yoast_head_json":{"title":"Velfood \u00ae, das praktische, innovative und umweltfreundliche Verpackungskonzept f\u00fcr Lebensmittel - Velfor","robots":{"index":"index","follow":"follow","max-snippet":"max-snippet:-1","max-image-preview":"max-image-preview:large","max-video-preview":"max-video-preview:-1"},"canonical":"https:\/\/www.velfor.com\/de\/velfood-das-praktische-innovative-und-umweltfreundliche-verpackungskonzept-fuer-lebensmittel\/","og_locale":"de_DE","og_type":"article","og_title":"Velfood \u00ae, das praktische, innovative und umweltfreundliche Verpackungskonzept f\u00fcr Lebensmittel","og_description":"Velfood \u00ae ist ein Verpackungskonzept aus zwei Materialien, das Karton und Kunststoff miteinander verbindet. Es handelt sich um eine mikrowellengeeignete, fettdichte Schale aus Karton mit einem transparenten Deckel aus Polypropylen oder APET. Die Velfood \u00ae-Schale ist f\u00fcr den sofortigen Verzehr bestimmt, f\u00fcr die M\u00e4rkte Ultrafrische, Fertiggerichte und Backwaren. Praktisch und innovativ: Unter dem Deckel befindet [&hellip;]","og_url":"https:\/\/www.velfor.com\/de\/velfood-das-praktische-innovative-und-umweltfreundliche-verpackungskonzept-fuer-lebensmittel\/","og_site_name":"Velfor","article_published_time":"2018-06-13T08:08:44+00:00","author":"admin","twitter_card":"summary_large_image","twitter_misc":{"Written by":"admin","Est. reading time":"1\u00a0Minute"},"schema":{"@context":"https:\/\/schema.org","@graph":[{"@type":"Article","@id":"https:\/\/www.velfor.com\/de\/velfood-das-praktische-innovative-und-umweltfreundliche-verpackungskonzept-fuer-lebensmittel\/#article","isPartOf":{"@id":"https:\/\/www.velfor.com\/de\/velfood-das-praktische-innovative-und-umweltfreundliche-verpackungskonzept-fuer-lebensmittel\/"},"author":{"name":"admin","@id":"https:\/\/www.velfor.com\/de\/#\/schema\/person\/244d8af9b2354c701268aa65856d68be"},"headline":"Velfood \u00ae, das praktische, innovative und umweltfreundliche Verpackungskonzept f\u00fcr Lebensmittel","datePublished":"2018-06-13T08:08:44+00:00","mainEntityOfPage":{"@id":"https:\/\/www.velfor.com\/de\/velfood-das-praktische-innovative-und-umweltfreundliche-verpackungskonzept-fuer-lebensmittel\/"},"wordCount":202,"commentCount":0,"publisher":{"@id":"https:\/\/www.velfor.com\/de\/#organization"},"image":{"@id":"https:\/\/www.velfor.com\/de\/velfood-das-praktische-innovative-und-umweltfreundliche-verpackungskonzept-fuer-lebensmittel\/#primaryimage"},"thumbnailUrl":"http:\/\/www.velfor.com\/wp-content\/uploads\/2016\/02\/logo-velfood-1024x552.jpg","articleSection":["Realisierung"],"inLanguage":"de","potentialAction":[{"@type":"CommentAction","name":"Comment","target":["https:\/\/www.velfor.com\/de\/velfood-das-praktische-innovative-und-umweltfreundliche-verpackungskonzept-fuer-lebensmittel\/#respond"]}]},{"@type":"WebPage","@id":"https:\/\/www.velfor.com\/de\/velfood-das-praktische-innovative-und-umweltfreundliche-verpackungskonzept-fuer-lebensmittel\/","url":"https:\/\/www.velfor.com\/de\/velfood-das-praktische-innovative-und-umweltfreundliche-verpackungskonzept-fuer-lebensmittel\/","name":"Velfood \u00ae, das praktische, innovative und umweltfreundliche Verpackungskonzept f\u00fcr Lebensmittel - Velfor","isPartOf":{"@id":"https:\/\/www.velfor.com\/de\/#website"},"primaryImageOfPage":{"@id":"https:\/\/www.velfor.com\/de\/velfood-das-praktische-innovative-und-umweltfreundliche-verpackungskonzept-fuer-lebensmittel\/#primaryimage"},"image":{"@id":"https:\/\/www.velfor.com\/de\/velfood-das-praktische-innovative-und-umweltfreundliche-verpackungskonzept-fuer-lebensmittel\/#primaryimage"},"thumbnailUrl":"http:\/\/www.velfor.com\/wp-content\/uploads\/2016\/02\/logo-velfood-1024x552.jpg","datePublished":"2018-06-13T08:08:44+00:00","breadcrumb":{"@id":"https:\/\/www.velfor.com\/de\/velfood-das-praktische-innovative-und-umweltfreundliche-verpackungskonzept-fuer-lebensmittel\/#breadcrumb"},"inLanguage":"de","potentialAction":[{"@type":"ReadAction","target":["https:\/\/www.velfor.com\/de\/velfood-das-praktische-innovative-und-umweltfreundliche-verpackungskonzept-fuer-lebensmittel\/"]}]},{"@type":"ImageObject","inLanguage":"de","@id":"https:\/\/www.velfor.com\/de\/velfood-das-praktische-innovative-und-umweltfreundliche-verpackungskonzept-fuer-lebensmittel\/#primaryimage","url":"http:\/\/www.velfor.com\/wp-content\/uploads\/2016\/02\/logo-velfood-1024x552.jpg","contentUrl":"http:\/\/www.velfor.com\/wp-content\/uploads\/2016\/02\/logo-velfood-1024x552.jpg"},{"@type":"BreadcrumbList","@id":"https:\/\/www.velfor.com\/de\/velfood-das-praktische-innovative-und-umweltfreundliche-verpackungskonzept-fuer-lebensmittel\/#breadcrumb","itemListElement":[{"@type":"ListItem","position":1,"name":"Accueil","item":"https:\/\/www.velfor.com\/de\/startseite\/"},{"@type":"ListItem","position":2,"name":"Velfood \u00ae, das praktische, innovative und umweltfreundliche Verpackungskonzept f\u00fcr Lebensmittel"}]},{"@type":"WebSite","@id":"https:\/\/www.velfor.com\/de\/#website","url":"https:\/\/www.velfor.com\/de\/","name":"Velfor","description":"Le Groupe Velfor, votre partenaire privil\u00e9gi\u00e9 pour des solutions durables et innovantes","publisher":{"@id":"https:\/\/www.velfor.com\/de\/#organization"},"potentialAction":[{"@type":"SearchAction","target":{"@type":"EntryPoint","urlTemplate":"https:\/\/www.velfor.com\/de\/?s={search_term_string}"},"query-input":{"@type":"PropertyValueSpecification","valueRequired":true,"valueName":"search_term_string"}}],"inLanguage":"de"},{"@type":"Organization","@id":"https:\/\/www.velfor.com\/de\/#organization","name":"Velfor","url":"https:\/\/www.velfor.com\/de\/","logo":{"@type":"ImageObject","inLanguage":"de","@id":"https:\/\/www.velfor.com\/de\/#\/schema\/logo\/image\/","url":"https:\/\/www.velfor.com\/wp-content\/uploads\/2024\/12\/velfor-logo.svg","contentUrl":"https:\/\/www.velfor.com\/wp-content\/uploads\/2024\/12\/velfor-logo.svg","width":210,"height":44,"caption":"Velfor"},"image":{"@id":"https:\/\/www.velfor.com\/de\/#\/schema\/logo\/image\/"}},{"@type":"Person","@id":"https:\/\/www.velfor.com\/de\/#\/schema\/person\/244d8af9b2354c701268aa65856d68be","name":"admin","image":{"@type":"ImageObject","inLanguage":"de","@id":"https:\/\/www.velfor.com\/de\/#\/schema\/person\/image\/","url":"https:\/\/secure.gravatar.com\/avatar\/b52efe74a6a713b4a3b98a7da206535d60b9d7410265cd338904e9dc7b709c00?s=96&d=mm&r=g","contentUrl":"https:\/\/secure.gravatar.com\/avatar\/b52efe74a6a713b4a3b98a7da206535d60b9d7410265cd338904e9dc7b709c00?s=96&d=mm&r=g","caption":"admin"},"sameAs":["https:\/\/www.velfor.com"],"url":"https:\/\/www.velfor.com\/de\/author\/yoannekypia-fr\/"}]}},"_links":{"self":[{"href":"https:\/\/www.velfor.com\/de\/wp-json\/wp\/v2\/posts\/5803","targetHints":{"allow":["GET"]}}],"collection":[{"href":"https:\/\/www.velfor.com\/de\/wp-json\/wp\/v2\/posts"}],"about":[{"href":"https:\/\/www.velfor.com\/de\/wp-json\/wp\/v2\/types\/post"}],"author":[{"embeddable":true,"href":"https:\/\/www.velfor.com\/de\/wp-json\/wp\/v2\/users\/1"}],"replies":[{"embeddable":true,"href":"https:\/\/www.velfor.com\/de\/wp-json\/wp\/v2\/comments?post=5803"}],"version-history":[{"count":0,"href":"https:\/\/www.velfor.com\/de\/wp-json\/wp\/v2\/posts\/5803\/revisions"}],"wp:attachment":[{"href":"https:\/\/www.velfor.com\/de\/wp-json\/wp\/v2\/media?parent=5803"}],"wp:term":[{"taxonomy":"category","embeddable":true,"href":"https:\/\/www.velfor.com\/de\/wp-json\/wp\/v2\/categories?post=5803"},{"taxonomy":"post_tag","embeddable":true,"href":"https:\/\/www.velfor.com\/de\/wp-json\/wp\/v2\/tags?post=5803"}],"curies":[{"name":"wp","href":"https:\/\/api.w.org\/{rel}","templated":true}]}}