{"id":5813,"date":"2017-07-26T07:34:43","date_gmt":"2017-07-26T05:34:43","guid":{"rendered":"https:\/\/www.velfor.com\/die-elekten-haben-die-velfor-gruppe-besucht\/"},"modified":"2017-07-26T07:34:43","modified_gmt":"2017-07-26T05:34:43","slug":"die-elekten-haben-die-velfor-gruppe-besucht","status":"publish","type":"post","link":"https:\/\/www.velfor.com\/de\/die-elekten-haben-die-velfor-gruppe-besucht\/","title":{"rendered":"Die Elekten haben die Velfor-Gruppe besucht."},"content":{"rendered":"<p>Am Freitag, den 02. Oktober 2015, besuchten gew\u00e4hlte Vertreter der Gemeinde Rochebaron in Chalencon und gew\u00e4hlte Vertreter des Kantons Haute Velay Granitplateau die Unternehmen der Velfor Group.<\/p>\n<p><!--more--><\/p>\n<p>Velfor besch\u00e4ftigt 210 Mitarbeiter und ist eine wichtige Besch\u00e4ftigungsquelle f\u00fcr die Region. Unter der Leitung des Gesch\u00e4ftsf\u00fchrers des Unternehmens, Pierre Brun, besuchten die gew\u00e4hlten Vertreter die Werkzeugmachereien im Bezirk \u201eBoisset Haut\u201c, Velfor Packaging und Velfor Conditionning. <\/p>\n","protected":false},"excerpt":{"rendered":"<p>Am Freitag, den 02. Oktober 2015, besuchten gew\u00e4hlte Vertreter der Gemeinde Rochebaron in Chalencon und gew\u00e4hlte Vertreter des Kantons Haute Velay Granitplateau die Unternehmen der Velfor Group.<\/p>\n","protected":false},"author":1,"featured_media":0,"comment_status":"open","ping_status":"open","sticky":false,"template":"","format":"standard","meta":{"_acf_changed":false,"footnotes":""},"categories":[38],"tags":[],"class_list":["post-5813","post","type-post","status-publish","format-standard","hentry","category-aktuelles"],"acf":[],"yoast_head":"<!-- This site is optimized with the Yoast SEO Premium plugin v25.2 (Yoast SEO v25.2) - https:\/\/yoast.com\/wordpress\/plugins\/seo\/ -->\n<title>Die Elekten haben die Velfor-Gruppe besucht. - Velfor<\/title>\n<meta name=\"robots\" content=\"index, follow, max-snippet:-1, max-image-preview:large, max-video-preview:-1\" \/>\n<link rel=\"canonical\" href=\"https:\/\/www.velfor.com\/de\/die-elekten-haben-die-velfor-gruppe-besucht\/\" \/>\n<meta property=\"og:locale\" content=\"de_DE\" \/>\n<meta property=\"og:type\" content=\"article\" \/>\n<meta property=\"og:title\" content=\"Die Elekten haben die Velfor-Gruppe besucht.\" \/>\n<meta property=\"og:description\" content=\"Am Freitag, den 02. Oktober 2015, besuchten gew\u00e4hlte Vertreter der Gemeinde Rochebaron in Chalencon und gew\u00e4hlte Vertreter des Kantons Haute Velay Granitplateau die Unternehmen der Velfor Group.\" \/>\n<meta property=\"og:url\" content=\"https:\/\/www.velfor.com\/de\/die-elekten-haben-die-velfor-gruppe-besucht\/\" \/>\n<meta property=\"og:site_name\" content=\"Velfor\" \/>\n<meta property=\"article:published_time\" content=\"2017-07-26T05:34:43+00:00\" \/>\n<meta name=\"author\" content=\"admin\" \/>\n<meta name=\"twitter:card\" content=\"summary_large_image\" \/>\n<meta name=\"twitter:label1\" content=\"Written by\" \/>\n\t<meta name=\"twitter:data1\" content=\"admin\" \/>\n<script type=\"application\/ld+json\" class=\"yoast-schema-graph\">{\"@context\":\"https:\/\/schema.org\",\"@graph\":[{\"@type\":\"Article\",\"@id\":\"https:\/\/www.velfor.com\/de\/die-elekten-haben-die-velfor-gruppe-besucht\/#article\",\"isPartOf\":{\"@id\":\"https:\/\/www.velfor.com\/de\/die-elekten-haben-die-velfor-gruppe-besucht\/\"},\"author\":{\"name\":\"admin\",\"@id\":\"https:\/\/www.velfor.com\/de\/#\/schema\/person\/244d8af9b2354c701268aa65856d68be\"},\"headline\":\"Die Elekten haben die Velfor-Gruppe besucht.\",\"datePublished\":\"2017-07-26T05:34:43+00:00\",\"mainEntityOfPage\":{\"@id\":\"https:\/\/www.velfor.com\/de\/die-elekten-haben-die-velfor-gruppe-besucht\/\"},\"wordCount\":74,\"commentCount\":0,\"publisher\":{\"@id\":\"https:\/\/www.velfor.com\/de\/#organization\"},\"articleSection\":[\"Aktuelles\"],\"inLanguage\":\"de\",\"potentialAction\":[{\"@type\":\"CommentAction\",\"name\":\"Comment\",\"target\":[\"https:\/\/www.velfor.com\/de\/die-elekten-haben-die-velfor-gruppe-besucht\/#respond\"]}]},{\"@type\":\"WebPage\",\"@id\":\"https:\/\/www.velfor.com\/de\/die-elekten-haben-die-velfor-gruppe-besucht\/\",\"url\":\"https:\/\/www.velfor.com\/de\/die-elekten-haben-die-velfor-gruppe-besucht\/\",\"name\":\"Die Elekten haben die Velfor-Gruppe besucht. - Velfor\",\"isPartOf\":{\"@id\":\"https:\/\/www.velfor.com\/de\/#website\"},\"datePublished\":\"2017-07-26T05:34:43+00:00\",\"breadcrumb\":{\"@id\":\"https:\/\/www.velfor.com\/de\/die-elekten-haben-die-velfor-gruppe-besucht\/#breadcrumb\"},\"inLanguage\":\"de\",\"potentialAction\":[{\"@type\":\"ReadAction\",\"target\":[\"https:\/\/www.velfor.com\/de\/die-elekten-haben-die-velfor-gruppe-besucht\/\"]}]},{\"@type\":\"BreadcrumbList\",\"@id\":\"https:\/\/www.velfor.com\/de\/die-elekten-haben-die-velfor-gruppe-besucht\/#breadcrumb\",\"itemListElement\":[{\"@type\":\"ListItem\",\"position\":1,\"name\":\"Accueil\",\"item\":\"https:\/\/www.velfor.com\/de\/startseite\/\"},{\"@type\":\"ListItem\",\"position\":2,\"name\":\"Die Elekten haben die Velfor-Gruppe besucht.\"}]},{\"@type\":\"WebSite\",\"@id\":\"https:\/\/www.velfor.com\/de\/#website\",\"url\":\"https:\/\/www.velfor.com\/de\/\",\"name\":\"Velfor\",\"description\":\"Le Groupe Velfor, votre partenaire privil\u00e9gi\u00e9 pour des solutions durables et innovantes\",\"publisher\":{\"@id\":\"https:\/\/www.velfor.com\/de\/#organization\"},\"potentialAction\":[{\"@type\":\"SearchAction\",\"target\":{\"@type\":\"EntryPoint\",\"urlTemplate\":\"https:\/\/www.velfor.com\/de\/?s={search_term_string}\"},\"query-input\":{\"@type\":\"PropertyValueSpecification\",\"valueRequired\":true,\"valueName\":\"search_term_string\"}}],\"inLanguage\":\"de\"},{\"@type\":\"Organization\",\"@id\":\"https:\/\/www.velfor.com\/de\/#organization\",\"name\":\"Velfor\",\"url\":\"https:\/\/www.velfor.com\/de\/\",\"logo\":{\"@type\":\"ImageObject\",\"inLanguage\":\"de\",\"@id\":\"https:\/\/www.velfor.com\/de\/#\/schema\/logo\/image\/\",\"url\":\"https:\/\/www.velfor.com\/wp-content\/uploads\/2024\/12\/velfor-logo.svg\",\"contentUrl\":\"https:\/\/www.velfor.com\/wp-content\/uploads\/2024\/12\/velfor-logo.svg\",\"width\":210,\"height\":44,\"caption\":\"Velfor\"},\"image\":{\"@id\":\"https:\/\/www.velfor.com\/de\/#\/schema\/logo\/image\/\"}},{\"@type\":\"Person\",\"@id\":\"https:\/\/www.velfor.com\/de\/#\/schema\/person\/244d8af9b2354c701268aa65856d68be\",\"name\":\"admin\",\"image\":{\"@type\":\"ImageObject\",\"inLanguage\":\"de\",\"@id\":\"https:\/\/www.velfor.com\/de\/#\/schema\/person\/image\/\",\"url\":\"https:\/\/secure.gravatar.com\/avatar\/b52efe74a6a713b4a3b98a7da206535d60b9d7410265cd338904e9dc7b709c00?s=96&d=mm&r=g\",\"contentUrl\":\"https:\/\/secure.gravatar.com\/avatar\/b52efe74a6a713b4a3b98a7da206535d60b9d7410265cd338904e9dc7b709c00?s=96&d=mm&r=g\",\"caption\":\"admin\"},\"sameAs\":[\"https:\/\/www.velfor.com\"],\"url\":\"https:\/\/www.velfor.com\/de\/author\/yoannekypia-fr\/\"}]}<\/script>\n<!-- \/ Yoast SEO Premium plugin. -->","yoast_head_json":{"title":"Die Elekten haben die Velfor-Gruppe besucht. - Velfor","robots":{"index":"index","follow":"follow","max-snippet":"max-snippet:-1","max-image-preview":"max-image-preview:large","max-video-preview":"max-video-preview:-1"},"canonical":"https:\/\/www.velfor.com\/de\/die-elekten-haben-die-velfor-gruppe-besucht\/","og_locale":"de_DE","og_type":"article","og_title":"Die Elekten haben die Velfor-Gruppe besucht.","og_description":"Am Freitag, den 02. Oktober 2015, besuchten gew\u00e4hlte Vertreter der Gemeinde Rochebaron in Chalencon und gew\u00e4hlte Vertreter des Kantons Haute Velay Granitplateau die Unternehmen der Velfor Group.","og_url":"https:\/\/www.velfor.com\/de\/die-elekten-haben-die-velfor-gruppe-besucht\/","og_site_name":"Velfor","article_published_time":"2017-07-26T05:34:43+00:00","author":"admin","twitter_card":"summary_large_image","twitter_misc":{"Written by":"admin"},"schema":{"@context":"https:\/\/schema.org","@graph":[{"@type":"Article","@id":"https:\/\/www.velfor.com\/de\/die-elekten-haben-die-velfor-gruppe-besucht\/#article","isPartOf":{"@id":"https:\/\/www.velfor.com\/de\/die-elekten-haben-die-velfor-gruppe-besucht\/"},"author":{"name":"admin","@id":"https:\/\/www.velfor.com\/de\/#\/schema\/person\/244d8af9b2354c701268aa65856d68be"},"headline":"Die Elekten haben die Velfor-Gruppe besucht.","datePublished":"2017-07-26T05:34:43+00:00","mainEntityOfPage":{"@id":"https:\/\/www.velfor.com\/de\/die-elekten-haben-die-velfor-gruppe-besucht\/"},"wordCount":74,"commentCount":0,"publisher":{"@id":"https:\/\/www.velfor.com\/de\/#organization"},"articleSection":["Aktuelles"],"inLanguage":"de","potentialAction":[{"@type":"CommentAction","name":"Comment","target":["https:\/\/www.velfor.com\/de\/die-elekten-haben-die-velfor-gruppe-besucht\/#respond"]}]},{"@type":"WebPage","@id":"https:\/\/www.velfor.com\/de\/die-elekten-haben-die-velfor-gruppe-besucht\/","url":"https:\/\/www.velfor.com\/de\/die-elekten-haben-die-velfor-gruppe-besucht\/","name":"Die Elekten haben die Velfor-Gruppe besucht. - Velfor","isPartOf":{"@id":"https:\/\/www.velfor.com\/de\/#website"},"datePublished":"2017-07-26T05:34:43+00:00","breadcrumb":{"@id":"https:\/\/www.velfor.com\/de\/die-elekten-haben-die-velfor-gruppe-besucht\/#breadcrumb"},"inLanguage":"de","potentialAction":[{"@type":"ReadAction","target":["https:\/\/www.velfor.com\/de\/die-elekten-haben-die-velfor-gruppe-besucht\/"]}]},{"@type":"BreadcrumbList","@id":"https:\/\/www.velfor.com\/de\/die-elekten-haben-die-velfor-gruppe-besucht\/#breadcrumb","itemListElement":[{"@type":"ListItem","position":1,"name":"Accueil","item":"https:\/\/www.velfor.com\/de\/startseite\/"},{"@type":"ListItem","position":2,"name":"Die Elekten haben die Velfor-Gruppe besucht."}]},{"@type":"WebSite","@id":"https:\/\/www.velfor.com\/de\/#website","url":"https:\/\/www.velfor.com\/de\/","name":"Velfor","description":"Le Groupe Velfor, votre partenaire privil\u00e9gi\u00e9 pour des solutions durables et innovantes","publisher":{"@id":"https:\/\/www.velfor.com\/de\/#organization"},"potentialAction":[{"@type":"SearchAction","target":{"@type":"EntryPoint","urlTemplate":"https:\/\/www.velfor.com\/de\/?s={search_term_string}"},"query-input":{"@type":"PropertyValueSpecification","valueRequired":true,"valueName":"search_term_string"}}],"inLanguage":"de"},{"@type":"Organization","@id":"https:\/\/www.velfor.com\/de\/#organization","name":"Velfor","url":"https:\/\/www.velfor.com\/de\/","logo":{"@type":"ImageObject","inLanguage":"de","@id":"https:\/\/www.velfor.com\/de\/#\/schema\/logo\/image\/","url":"https:\/\/www.velfor.com\/wp-content\/uploads\/2024\/12\/velfor-logo.svg","contentUrl":"https:\/\/www.velfor.com\/wp-content\/uploads\/2024\/12\/velfor-logo.svg","width":210,"height":44,"caption":"Velfor"},"image":{"@id":"https:\/\/www.velfor.com\/de\/#\/schema\/logo\/image\/"}},{"@type":"Person","@id":"https:\/\/www.velfor.com\/de\/#\/schema\/person\/244d8af9b2354c701268aa65856d68be","name":"admin","image":{"@type":"ImageObject","inLanguage":"de","@id":"https:\/\/www.velfor.com\/de\/#\/schema\/person\/image\/","url":"https:\/\/secure.gravatar.com\/avatar\/b52efe74a6a713b4a3b98a7da206535d60b9d7410265cd338904e9dc7b709c00?s=96&d=mm&r=g","contentUrl":"https:\/\/secure.gravatar.com\/avatar\/b52efe74a6a713b4a3b98a7da206535d60b9d7410265cd338904e9dc7b709c00?s=96&d=mm&r=g","caption":"admin"},"sameAs":["https:\/\/www.velfor.com"],"url":"https:\/\/www.velfor.com\/de\/author\/yoannekypia-fr\/"}]}},"_links":{"self":[{"href":"https:\/\/www.velfor.com\/de\/wp-json\/wp\/v2\/posts\/5813","targetHints":{"allow":["GET"]}}],"collection":[{"href":"https:\/\/www.velfor.com\/de\/wp-json\/wp\/v2\/posts"}],"about":[{"href":"https:\/\/www.velfor.com\/de\/wp-json\/wp\/v2\/types\/post"}],"author":[{"embeddable":true,"href":"https:\/\/www.velfor.com\/de\/wp-json\/wp\/v2\/users\/1"}],"replies":[{"embeddable":true,"href":"https:\/\/www.velfor.com\/de\/wp-json\/wp\/v2\/comments?post=5813"}],"version-history":[{"count":0,"href":"https:\/\/www.velfor.com\/de\/wp-json\/wp\/v2\/posts\/5813\/revisions"}],"wp:attachment":[{"href":"https:\/\/www.velfor.com\/de\/wp-json\/wp\/v2\/media?parent=5813"}],"wp:term":[{"taxonomy":"category","embeddable":true,"href":"https:\/\/www.velfor.com\/de\/wp-json\/wp\/v2\/categories?post=5813"},{"taxonomy":"post_tag","embeddable":true,"href":"https:\/\/www.velfor.com\/de\/wp-json\/wp\/v2\/tags?post=5813"}],"curies":[{"name":"wp","href":"https:\/\/api.w.org\/{rel}","templated":true}]}}